{"id":1688,"date":"2023-08-10T22:51:18","date_gmt":"2023-08-11T03:51:18","guid":{"rendered":"https:\/\/cuconstituyente.com\/?p=1688"},"modified":"2023-08-10T22:51:19","modified_gmt":"2023-08-11T03:51:19","slug":"la-necesidad-de-una-quinta-papeleta-en-panama","status":"publish","type":"post","link":"https:\/\/cuconstituyente.com\/index.php\/2023\/08\/10\/la-necesidad-de-una-quinta-papeleta-en-panama\/","title":{"rendered":"La necesidad de una quinta papeleta en Panam\u00e1"},"content":{"rendered":"\n<p><mark style=\"background-color:rgba(0, 0, 0, 0)\" class=\"has-inline-color has-secondary-color\">La quinta papeleta tiene como <strong>objetivo<\/strong> consultar a los ciudadanos paname\u00f1os si <strong>desean o no una nueva Constituci\u00f3n<\/strong><\/mark><\/p>\n\n\n\n<p class=\"has-text-align-justify\" id=\"m93-92-94\">Los grupos <strong>Ciudadanos Unidos por la Constituyente, <a href=\"https:\/\/www.panamaamerica.com.pa\/politica\/interes-que-la-constituyente-sea-parte-de-la-agenda-nacional-1221992\">Movimiento por la Quinta Papeleta pro Constituyente<\/a> y el Movimiento Voluntad por la Constituyente<\/strong> presentaron ante la oficina de Participaci\u00f3n Ciudadana de la Asamblea Nacional una iniciativa ciudadana que persigue la inclusi\u00f3n de una papeleta adicional (<strong>quinta papeleta<\/strong>) en las pr\u00f3ximas elecciones generales del 5 de mayo de 2024.<\/p>\n\n\n\n<!--more-->\n\n\n\n<p class=\"has-text-align-justify\" id=\"m98-97-99\">La quinta papeleta tiene como objetivo fundamental consultar a los ciudadanos paname\u00f1os si desean o no una nueva Constituci\u00f3n, que ser\u00eda elaborada por medio de una asamblea constituyente.<\/p>\n\n\n\n<p class=\"has-text-align-justify\" id=\"m103-102-104\">El catedr\u00e1tico <strong>Miguel Antonio Bernal<\/strong>, vocero de la agrupaci\u00f3n Ciudadanos Unidos por la Constituyente, manifest\u00f3 que <a href=\"https:\/\/twitter.com\/asambleapa\/status\/1689685337545613324\">conf\u00edan en que alg\u00fan diputado acoja la iniciativa<\/a> presentada para que sea prohijada por la comisi\u00f3n correspondiente, y se convierta en una ley que ordene al Tribunal Electoral la inclusi\u00f3n de esta quinta papeleta.<\/p>\n\n\n\n<p><a href=\"https:\/\/www.prensa.com\/politica\/llega-a-la-asamblea-propuesta-para-incluir-la-quinta-papeleta-en-las-elecciones-de-2024\/\">Diputado Leandro Avila no ve viabilidad<\/a><\/p>\n\n\n\n<p id=\"m113-112-114\">Indic\u00f3 que<a href=\"https:\/\/launiversidad.up.ac.pa\/node\/3248\"> <strong>incluir la papeleta es urgente<\/strong><\/a> en estos momentos, \u201cporque la que actualmente rige \u2013la Constituci\u00f3n\u2013 fue impuesta hace m\u00e1s de 50 a\u00f1os y nosotros no podemos caminar como pa\u00eds con una constituci\u00f3n que contiene toda clase de pr\u00e1cticas anticiudadanas\u201d.<\/p>\n\n\n\n<p class=\"has-text-align-justify\" id=\"m118-117-119\">\u201c<em>Decir que es urgente, estamos tarde para cambiar la construcci\u00f3n, pero la tozudez de la partidocracia y de los factores reales de poder es lo que nos mantiene en esta situaci\u00f3n de atraso en todo sentido<\/em>\u201d, expres\u00f3 Bernal.<\/p>\n\n\n\n<p id=\"m123-122-124\"><strong>\u00bfQu\u00e9 establece este anteproyecto del ley?<\/strong><\/p>\n\n\n\n<p class=\"has-text-align-justify\" id=\"m133-132-134\">Esta iniciativa ciudadana, que contiene 7 art\u00edculos, se\u00f1ala que la quinta papeleta deber\u00e1 preguntar al ciudadano: <strong>\u00bfQuiere una nueva Constituci\u00f3n Pol\u00edtica mediante una asamblea nacional constituyente, y una vez aprobada que sea sometida a un refer\u00e9ndum nacional?<\/strong><\/p>\n\n\n\n<p class=\"has-text-align-justify\" id=\"m138-137-139\">En la parte inferior de la papeleta, despu\u00e9s de la pregunta, deber\u00e1 tener debidamente identificadas las opciones \u201cS\u00cd\u201d en la parte derecha y \u201cNO\u201d en la izquierda, con un recuadro en cada opci\u00f3n en letras negras y fondo blanco, para que de manera clara y sin confusi\u00f3n los ciudadanos escojan\u201d, explic\u00f3 Bernal.<\/p>\n\n\n\n<p class=\"has-text-align-justify\" id=\"m143-142-144\">Indica que de ganar el \u201cS\u00cd\u201d, el presidente electo, dentro de los cinco d\u00edas siguientes a su toma de posesi\u00f3n, deber\u00e1 designar a tres juristas de reconocida trayectoria acad\u00e9mica en derecho constitucional, provenientes de una lista de diez personas seleccionadas por las universidades oficiales.<\/p>\n\n\n\n<p class=\"has-text-align-justify\" id=\"m148-147-149\">Estas tres personas deber\u00e1n redactar en los pr\u00f3ximos seis meses siguientes a su designaci\u00f3n el proyecto de constituci\u00f3n que servir\u00e1 para el estudio, consideraci\u00f3n y discusi\u00f3n de los constituyentes.<\/p>\n\n\n\n<p class=\"has-text-align-justify\" id=\"m153-152-154\">Los acad\u00e9micos, seg\u00fan el documento, actuar\u00e1n con el apoyo del Estado por intermedio del Ministerio de la Presidencia, el cual deber\u00e1 dotarles de las facilidades t\u00e9cnicas y herramientas necesarias.<\/p>\n\n\n\n<p class=\"has-text-align-justify\" id=\"m158-157-159\">Terminado y entregado el anteproyecto de constituci\u00f3n al presidente de la Rep\u00fablica, este deber\u00e1 entregarlo a la asamblea constituyente en su primer d\u00eda de sesiones.<\/p>\n\n\n\n<p class=\"has-text-align-justify\" id=\"m163-162-164\">Los juristas acad\u00e9micos ser\u00e1n los encargados de explicar cualquier aspecto del proyecto que as\u00ed lo solicite la asamblea constituyente o que la sociedad requiera conocer.<\/p>\n\n\n\n<p class=\"has-text-align-justify\" id=\"m168-167-169\">El documento presentado se\u00f1ala que de ganar el \u201cS\u00cd\u201d, el presidente electo deber\u00e1 convocar dentro de los 6 meses siguientes a su toma de posesi\u00f3n a una Asamblea Nacional Constituyente compuesta por 51 constituyentes, elegidos de forma democr\u00e1tica y mediante elecciones libres.<\/p>\n\n\n\n<p><strong>Fuente<\/strong>: <a href=\"https:\/\/www.laestrella.com.pa\/nacional\/230809\/llega-asamblea-iniciativa-ley-incluir\">La Estrella de Panam\u00e1<\/a><\/p>\n","protected":false},"excerpt":{"rendered":"<p>La quinta papeleta tiene como objetivo consultar a los ciudadanos paname\u00f1os si desean o no una nueva Constituci\u00f3n Los grupos Ciudadanos Unidos por la Constituyente, Movimiento por la Quinta Papeleta pro Constituyente y el Movimiento Voluntad por la Constituyente presentaron ante la oficina de Participaci\u00f3n Ciudadana de la Asamblea Nacional una iniciativa ciudadana que persigue [&hellip;]<\/p>\n","protected":false},"author":1,"featured_media":1689,"comment_status":"open","ping_status":"open","sticky":false,"template":"","format":"standard","meta":{"_editorskit_title_hidden":false,"_editorskit_reading_time":0,"_editorskit_is_block_options_detached":false,"_editorskit_block_options_position":"{}","jetpack_post_was_ever_published":false,"_jetpack_newsletter_access":"","_jetpack_dont_email_post_to_subs":false,"_jetpack_newsletter_tier_id":0,"_jetpack_memberships_contains_paywalled_content":false,"_jetpack_memberships_contains_paid_content":false,"footnotes":"","jetpack_publicize_message":"","jetpack_publicize_feature_enabled":true,"jetpack_social_post_already_shared":true,"jetpack_social_options":{"image_generator_settings":{"template":"highway","default_image_id":0,"font":"","enabled":false},"version":2}},"categories":[5,1],"tags":[],"class_list":["post-1688","post","type-post","status-publish","format-standard","has-post-thumbnail","hentry","category-constituyente","category-noticias"],"jetpack_publicize_connections":[],"jetpack_featured_media_url":"https:\/\/i0.wp.com\/cuconstituyente.com\/wp-content\/uploads\/2023\/08\/quintaPapeleta.jpg?fit=650%2C416&ssl=1","jetpack_sharing_enabled":true,"jetpack_likes_enabled":true,"_links":{"self":[{"href":"https:\/\/cuconstituyente.com\/index.php\/wp-json\/wp\/v2\/posts\/1688","targetHints":{"allow":["GET"]}}],"collection":[{"href":"https:\/\/cuconstituyente.com\/index.php\/wp-json\/wp\/v2\/posts"}],"about":[{"href":"https:\/\/cuconstituyente.com\/index.php\/wp-json\/wp\/v2\/types\/post"}],"author":[{"embeddable":true,"href":"https:\/\/cuconstituyente.com\/index.php\/wp-json\/wp\/v2\/users\/1"}],"replies":[{"embeddable":true,"href":"https:\/\/cuconstituyente.com\/index.php\/wp-json\/wp\/v2\/comments?post=1688"}],"version-history":[{"count":1,"href":"https:\/\/cuconstituyente.com\/index.php\/wp-json\/wp\/v2\/posts\/1688\/revisions"}],"predecessor-version":[{"id":1690,"href":"https:\/\/cuconstituyente.com\/index.php\/wp-json\/wp\/v2\/posts\/1688\/revisions\/1690"}],"wp:featuredmedia":[{"embeddable":true,"href":"https:\/\/cuconstituyente.com\/index.php\/wp-json\/wp\/v2\/media\/1689"}],"wp:attachment":[{"href":"https:\/\/cuconstituyente.com\/index.php\/wp-json\/wp\/v2\/media?parent=1688"}],"wp:term":[{"taxonomy":"category","embeddable":true,"href":"https:\/\/cuconstituyente.com\/index.php\/wp-json\/wp\/v2\/categories?post=1688"},{"taxonomy":"post_tag","embeddable":true,"href":"https:\/\/cuconstituyente.com\/index.php\/wp-json\/wp\/v2\/tags?post=1688"}],"curies":[{"name":"wp","href":"https:\/\/api.w.org\/{rel}","templated":true}]}}