{"id":192,"date":"2021-01-26T22:19:58","date_gmt":"2021-01-27T03:19:58","guid":{"rendered":"https:\/\/cuconstituyente.com\/?p=192"},"modified":"2021-01-27T22:23:44","modified_gmt":"2021-01-28T03:23:44","slug":"comunicado-2021-03","status":"publish","type":"post","link":"https:\/\/cuconstituyente.com\/index.php\/2021\/01\/26\/comunicado-2021-03\/","title":{"rendered":"Comunicado 2021-03"},"content":{"rendered":"\n<h2 class=\"has-text-align-center wp-block-heading\">Vacunaci\u00f3n en Panam\u00e1: Alto a la Improvisaci\u00f3n<\/h2>\n\n\n\n<p class=\"has-text-align-justify\">A pesar de que la Presidencia de la Rep\u00fablica de Panam\u00e1 hab\u00eda informado, a mediados de diciembre del a\u00f1o pasado, <strong>que Panam\u00e1 estar\u00eda entre los primeros pa\u00edses del mundo en recibir la vacuna<\/strong>, <strong>contratada con la empresa Pfizer<\/strong>, <strong><span style=\"color:#eb5205\" class=\"has-inline-color\">no fue as\u00ed<\/span><\/strong>: en dicho mes lo hicieron M\u00e9xico, Costa Rica y Chile, mientras Brasil recib\u00eda vacunas de origen chino, y Argentina, vacunas procedentes de Rusia.<\/p>\n\n\n\n<!--more-->\n\n\n\n<p class=\"has-text-align-justify\">Luego, el primer mandatario, en su discurso a la Naci\u00f3n del <strong>2 de enero<\/strong>, indic\u00f3 que las <strong>recibir\u00edamos en el primer trimestre de 2021<\/strong>.<\/p>\n\n\n\n<p class=\"has-text-align-justify\">M\u00e1s tarde, el <strong>5 de enero<\/strong>, la presi\u00f3n ciudadana exigiendo transparencia en las contrataciones llev\u00f3 a la Canciller a dar explicaciones y asegurar que la farmac\u00e9utica <strong>Pfizer se compromet\u00eda en una primera fase<\/strong>, a <strong>proporcionar 450,000 dosis en 90 d\u00edas<\/strong>, las cuales llegar\u00edan de manera progresiva de acuerdo con el plan de vacunaci\u00f3n, para lo cual ya se hab\u00eda dado un <strong>abono de 6 millones de d\u00f3lares<\/strong>, pero que <strong>adelantar\u00edan 40,000 dosis, entre el 18 y el 25 de enero<\/strong>.<\/p>\n\n\n\n<p class=\"has-text-align-justify\"><strong><span style=\"color:#eb5205\" class=\"has-inline-color\">Promesa esta \u00faltima que no se cumpli\u00f3<\/span><\/strong>: el <strong>20 de enero llegaron a nuestro pa\u00eds, s\u00f3lo 12,840 dosis<\/strong>, informando la empresa que \u201chab\u00edan reducido env\u00edos a Europa y Latinoam\u00e9rica para aumentar su producci\u00f3n hasta el 15 de febrero de 2021\u201d.<\/p>\n\n\n\n<p class=\"has-text-align-justify\"><strong>Es evidente que la opacidad caracteriza a este contrato<\/strong>, a pesar de la obligaci\u00f3n de transparencia de los funcionarios en lo que se refiere a la gesti\u00f3n p\u00fablica, escud\u00e1ndose la Canciller, en las cl\u00e1usulas de confidencialidad del acuerdo.<\/p>\n\n\n\n<p class=\"has-text-align-justify\">El <strong>programa de vacunaci\u00f3n<\/strong> que establec\u00eda que en una primera etapa de la primera fase se aplicar\u00eda las vacunas al personal de salud que atend\u00eda en primera l\u00ednea a pacientes del covid-19, se realiz\u00f3, a partir del mismo <strong>20 de enero<\/strong>, <strong><span style=\"color:#cc3e0f\" class=\"has-inline-color\">inicia de una manera bastante desordenada<\/span><\/strong>, incumpliendo con las normas planificadas, inmunizando a algunos que no ten\u00edan derecho y excluyendo al personal prioritario de hospitales p\u00fablicos y privados, los cuales quedaron descontentos con esta irregularidad y, por supuesto, realizaron su protesta a nivel nacional.<\/p>\n\n\n\n<p class=\"has-text-align-justify\">Asimismo se <strong>desconocen los contratos celebrados con las otras empresas<\/strong> abastecedoras de vacunas, como la AstraZeneca y Johnson &amp; Johnson, las cuales deber\u00edan inmunizar para las siguientes fases, a 1,400,000 paname\u00f1os; as\u00ed como no se tiene certeza de que el Programa COVAX de la OMS cubrir\u00eda a 1,100,00 personas m\u00e1s, ante un mercado internacional de vacunas, altamente desigual y especulador.<\/p>\n\n\n\n<p class=\"has-text-align-justify\">Por todas estas irregularidades planteadas <strong>EXIGIMOS AL GOBIERNO<\/strong>:<\/p>\n\n\n\n<ul class=\"wp-block-list\"><li>Que se <strong>divulguen p\u00fablicamente los contratos firmados<\/strong> con las empresas proveedoras de vacunas, as\u00ed como las requisiciones para la compra de los congeladores.<\/li><li>Que <strong>el gobierno haga los reclamos legales pertinentes<\/strong> a la empresa farmac\u00e9utica Pfizer, por la entrega incompleta, y que exija el cumplimiento de lo pactado.<\/li><li>Que <strong>se cumplan con las diferentes fases de vacunaci\u00f3n<\/strong> programadas y se realicen con toda la transparencia debida, evitando las incomodidades a la poblaci\u00f3n.<\/li><li>Que se <strong>cumpla con el consentimiento libre e informado<\/strong> a la hora de llevar a cabo la vacunaci\u00f3n de la poblaci\u00f3n.<\/li><li>Que el <strong>gobierno explore<\/strong> a la mayor brevedad posible, <strong>otras posibilidades de abastecimiento de vacunas<\/strong>, seguras (con una eficacia mayor del 70%) y econ\u00f3micas, pues en este momento est\u00e1 en juego la sobrevivencia de la comunidad nacional y la preservaci\u00f3n de su salud.<\/li><\/ul>\n\n\n\n<p>Panam\u00e1, 26 de enero de 2021.<\/p>\n\n\n\n<p><\/p>\n","protected":false},"excerpt":{"rendered":"<p>Vacunaci\u00f3n en Panam\u00e1: Alto a la Improvisaci\u00f3n A pesar de que la Presidencia de la Rep\u00fablica de Panam\u00e1 hab\u00eda informado, a mediados de diciembre del a\u00f1o pasado, que Panam\u00e1 estar\u00eda entre los primeros pa\u00edses del mundo en recibir la vacuna, contratada con la empresa Pfizer, no fue as\u00ed: en dicho mes lo hicieron M\u00e9xico, Costa [&hellip;]<\/p>\n","protected":false},"author":1,"featured_media":193,"comment_status":"open","ping_status":"open","sticky":false,"template":"","format":"standard","meta":{"_editorskit_title_hidden":false,"_editorskit_reading_time":0,"_editorskit_is_block_options_detached":false,"_editorskit_block_options_position":"{}","jetpack_post_was_ever_published":false,"_jetpack_newsletter_access":"","_jetpack_dont_email_post_to_subs":false,"_jetpack_newsletter_tier_id":0,"_jetpack_memberships_contains_paywalled_content":false,"_jetpack_memberships_contains_paid_content":false,"footnotes":"","jetpack_publicize_message":"","jetpack_publicize_feature_enabled":true,"jetpack_social_post_already_shared":true,"jetpack_social_options":{"image_generator_settings":{"template":"highway","default_image_id":0,"font":"","enabled":false},"version":2}},"categories":[1,8],"tags":[],"class_list":["post-192","post","type-post","status-publish","format-standard","has-post-thumbnail","hentry","category-noticias","category-opinion"],"jetpack_publicize_connections":[],"jetpack_featured_media_url":"https:\/\/i0.wp.com\/cuconstituyente.com\/wp-content\/uploads\/2021\/01\/vacunacionCovid19.jpg?fit=770%2C450&ssl=1","jetpack_sharing_enabled":true,"jetpack_likes_enabled":true,"_links":{"self":[{"href":"https:\/\/cuconstituyente.com\/index.php\/wp-json\/wp\/v2\/posts\/192","targetHints":{"allow":["GET"]}}],"collection":[{"href":"https:\/\/cuconstituyente.com\/index.php\/wp-json\/wp\/v2\/posts"}],"about":[{"href":"https:\/\/cuconstituyente.com\/index.php\/wp-json\/wp\/v2\/types\/post"}],"author":[{"embeddable":true,"href":"https:\/\/cuconstituyente.com\/index.php\/wp-json\/wp\/v2\/users\/1"}],"replies":[{"embeddable":true,"href":"https:\/\/cuconstituyente.com\/index.php\/wp-json\/wp\/v2\/comments?post=192"}],"version-history":[{"count":6,"href":"https:\/\/cuconstituyente.com\/index.php\/wp-json\/wp\/v2\/posts\/192\/revisions"}],"predecessor-version":[{"id":200,"href":"https:\/\/cuconstituyente.com\/index.php\/wp-json\/wp\/v2\/posts\/192\/revisions\/200"}],"wp:featuredmedia":[{"embeddable":true,"href":"https:\/\/cuconstituyente.com\/index.php\/wp-json\/wp\/v2\/media\/193"}],"wp:attachment":[{"href":"https:\/\/cuconstituyente.com\/index.php\/wp-json\/wp\/v2\/media?parent=192"}],"wp:term":[{"taxonomy":"category","embeddable":true,"href":"https:\/\/cuconstituyente.com\/index.php\/wp-json\/wp\/v2\/categories?post=192"},{"taxonomy":"post_tag","embeddable":true,"href":"https:\/\/cuconstituyente.com\/index.php\/wp-json\/wp\/v2\/tags?post=192"}],"curies":[{"name":"wp","href":"https:\/\/api.w.org\/{rel}","templated":true}]}}