{"id":2121,"date":"2024-05-04T11:55:38","date_gmt":"2024-05-04T16:55:38","guid":{"rendered":"https:\/\/cuconstituyente.com\/?p=2121"},"modified":"2024-05-04T11:55:40","modified_gmt":"2024-05-04T16:55:40","slug":"manifiesto-a-la-ciudadania","status":"publish","type":"post","link":"https:\/\/cuconstituyente.com\/index.php\/2024\/05\/04\/manifiesto-a-la-ciudadania\/","title":{"rendered":"Manifiesto a la ciudadan\u00eda"},"content":{"rendered":"\n<p class=\"has-text-align-justify\">\u201cLa crisis actual, por integral y profunda, exige una respuesta congruente con la trascendencia de la coyuntura, que es crucial y determinante del futuro del Estado Nacional\u201d<\/p>\n\n\n\n<p class=\"has-text-align-justify\">El <strong>Movimiento de Ciudadanos Unidos por la Constituyente (CUCO)<\/strong> ha dado a conocer un manifiesto a la ciudadan\u00eda que comparto con mis lectores:<\/p>\n\n\n\n<!--more-->\n\n\n\n<p class=\"has-text-align-justify\">Hoy d\u00eda, como nunca antes, en el panorama internacional gravitan grandes fuerzas en conflicto, propuestas a asumir el control de los principales factores del poder econ\u00f3mico y pol\u00edtico mundial; escenario en el cual la posici\u00f3n estrat\u00e9gica de Panam\u00e1, es de importancia relevante. En medio del calamitoso estado de la educaci\u00f3n, el electorado, se resigna a escoger a quienes, en breve plazo, deber\u00edan atender los problemas m\u00e1s apremiantes del pa\u00eds; a pesar de que, independientemente de quienes resulten favorecidos con el voto, gracias al modelo pol\u00edtico vigente, caracterizado por la subordinaci\u00f3n del poder pol\u00edtico al poder econ\u00f3mico, \u00fanicamente podr\u00e1n repetir la historia; ya que, por falta de moral, de competencia y liderazgo, de la actual administraci\u00f3n, la asfixiante impunidad y corrupci\u00f3n, el saqueo y el despilfarro, sustentado mediante endeudamiento, &#8211; que hipotec\u00f3 el futuro de varias generaciones-, el impedimento para tomar decisiones, como Estado aut\u00f3nomo, ser\u00e1 inevitable.<\/p>\n\n\n\n<p class=\"has-text-align-justify\">Modelo, que en su estado actual, adem\u00e1s de haber profundizado la desigualdad, se distingue por el marcado deterioro de los servicios p\u00fablicos; con un sistema de administraci\u00f3n de justicia sin credibilidad, que con la judicializaci\u00f3n de la pol\u00edtica, ha alcanzado niveles insospechados; con un Legislativo desprestigiado. Con la penalizaci\u00f3n de las protestas p\u00fablicas, que el candidato oficial, anunci\u00f3 impedir\u00eda y para colmo de verg\u00fcenza, con la injerencia permanente del socio estrat\u00e9gico.<\/p>\n\n\n\n<p class=\"has-text-align-justify\">Con el \u00e1rbitro electoral totalmente entregado y en control del aparato represivo, <strong><mark style=\"background-color:rgba(0, 0, 0, 0);color:#f20202\" class=\"has-inline-color\">el fraude es inevitable<\/mark><\/strong>, porque el \u00fanico cambio consistir\u00e1 en el reemplazo de la mayor parte de los actuales instrumentos, porque a no dudar, muchos \u201cresiduos\u201d, tendr\u00e1n pase de cortes\u00eda y se repetir\u00e1 la historia. No obstante, lo peor es el reconocimiento t\u00e1cito del compromiso de Estado con los objetivos del desarrollo sostenible, de la agenda 2030 y el Nuevo Orden Mundial, que ning\u00fan candidato se atrevi\u00f3 a mencionar; de manera tal que, pensar o creer que, con las elecciones del 5 de mayo, podremos comenzar a salir del abismo al que nos ha llevado la complicidad de la minor\u00eda con las grandes corporaciones financieras internacionales y con el complejo industrial militar, no pasa de ser una fantas\u00eda dentro de una burbuja de jab\u00f3n.<\/p>\n\n\n\n<p class=\"has-text-align-justify\">Nuestro grupo, CUCO, reitera: <strong>La v\u00eda racional, pac\u00edfica, incluyente y \u00fanica capaz de conferir legitimidad a la voluntad de la mayor\u00eda ciudadana, es la Constituyente<\/strong>. Solo as\u00ed ser\u00e1 posible sanear la administraci\u00f3n de justicia, procesar a todos los involucrados en actos de corrupci\u00f3n, recuperar los bienes mal habidos e incluir en la nueva Constituci\u00f3n la participaci\u00f3n ciudadana efectiva y la revocatoria de mandato para cualquier traidor o demagogo.<\/p>\n\n\n\n<p>Por respeto a la dignidad ciudadana <strong>\u00a1Constituyente ya!<\/strong><\/p>\n","protected":false},"excerpt":{"rendered":"<p>\u201cLa crisis actual, por integral y profunda, exige una respuesta congruente con la trascendencia de la coyuntura, que es crucial y determinante del futuro del Estado Nacional\u201d El Movimiento de Ciudadanos Unidos por la Constituyente (CUCO) ha dado a conocer un manifiesto a la ciudadan\u00eda que comparto con mis lectores:<\/p>\n","protected":false},"author":1,"featured_media":722,"comment_status":"open","ping_status":"open","sticky":false,"template":"","format":"standard","meta":{"_editorskit_title_hidden":false,"_editorskit_reading_time":0,"_editorskit_is_block_options_detached":false,"_editorskit_block_options_position":"{}","jetpack_post_was_ever_published":false,"_jetpack_newsletter_access":"","_jetpack_dont_email_post_to_subs":false,"_jetpack_newsletter_tier_id":0,"_jetpack_memberships_contains_paywalled_content":false,"_jetpack_memberships_contains_paid_content":false,"footnotes":"","jetpack_publicize_message":"","jetpack_publicize_feature_enabled":true,"jetpack_social_post_already_shared":true,"jetpack_social_options":{"image_generator_settings":{"template":"highway","default_image_id":0,"font":"","enabled":false},"version":2}},"categories":[5,8],"tags":[],"class_list":["post-2121","post","type-post","status-publish","format-standard","has-post-thumbnail","hentry","category-constituyente","category-opinion"],"jetpack_publicize_connections":[],"jetpack_featured_media_url":"https:\/\/i0.wp.com\/cuconstituyente.com\/wp-content\/uploads\/2021\/09\/cucoComunicado.jpg?fit=314%2C122&ssl=1","jetpack_sharing_enabled":true,"jetpack_likes_enabled":true,"_links":{"self":[{"href":"https:\/\/cuconstituyente.com\/index.php\/wp-json\/wp\/v2\/posts\/2121","targetHints":{"allow":["GET"]}}],"collection":[{"href":"https:\/\/cuconstituyente.com\/index.php\/wp-json\/wp\/v2\/posts"}],"about":[{"href":"https:\/\/cuconstituyente.com\/index.php\/wp-json\/wp\/v2\/types\/post"}],"author":[{"embeddable":true,"href":"https:\/\/cuconstituyente.com\/index.php\/wp-json\/wp\/v2\/users\/1"}],"replies":[{"embeddable":true,"href":"https:\/\/cuconstituyente.com\/index.php\/wp-json\/wp\/v2\/comments?post=2121"}],"version-history":[{"count":1,"href":"https:\/\/cuconstituyente.com\/index.php\/wp-json\/wp\/v2\/posts\/2121\/revisions"}],"predecessor-version":[{"id":2122,"href":"https:\/\/cuconstituyente.com\/index.php\/wp-json\/wp\/v2\/posts\/2121\/revisions\/2122"}],"wp:featuredmedia":[{"embeddable":true,"href":"https:\/\/cuconstituyente.com\/index.php\/wp-json\/wp\/v2\/media\/722"}],"wp:attachment":[{"href":"https:\/\/cuconstituyente.com\/index.php\/wp-json\/wp\/v2\/media?parent=2121"}],"wp:term":[{"taxonomy":"category","embeddable":true,"href":"https:\/\/cuconstituyente.com\/index.php\/wp-json\/wp\/v2\/categories?post=2121"},{"taxonomy":"post_tag","embeddable":true,"href":"https:\/\/cuconstituyente.com\/index.php\/wp-json\/wp\/v2\/tags?post=2121"}],"curies":[{"name":"wp","href":"https:\/\/api.w.org\/{rel}","templated":true}]}}