{"id":3051,"date":"2025-01-13T20:10:57","date_gmt":"2025-01-14T01:10:57","guid":{"rendered":"https:\/\/cuconstituyente.com\/?p=3051"},"modified":"2025-01-13T20:12:31","modified_gmt":"2025-01-14T01:12:31","slug":"un-dia-de-indignacion","status":"publish","type":"post","link":"https:\/\/cuconstituyente.com\/index.php\/2025\/01\/13\/un-dia-de-indignacion\/","title":{"rendered":"Un d\u00eda de indignaci\u00f3n"},"content":{"rendered":"\r\n<p>Autor:\u00a0<strong>Miguel Antonio Bernal V.<\/strong><br>Profesi\u00f3n:\u00a0<strong>Catedr\u00e1tico de Derecho Constitucional<\/strong><\/p>\r\n\r\n\r\n\r\n<figure class=\"wp-block-audio\"><audio controls src=\"https:\/\/cuconstituyente.com\/wp-content\/uploads\/2025\/01\/unDiaIndignacion.mp3\"><\/audio><\/figure>\r\n\r\n\r\n\r\n<p><a href=\"https:\/\/cuconstituyente.com\/wp-content\/uploads\/2025\/01\/unDiaIndignacion.pdf\">Descargar art\u00edculo<\/a><\/p>\r\n\r\n\r\n\r\n<p class=\"has-text-align-justify\">Al conmemorar el sesenta y un aniversario de la gesta del 9 de enero, debemos\u2026 <strong><em>levantar nuestra voz con determinaci\u00f3n<\/em><\/strong> ante las nuevas amenazas y los nubarrones que pretenden apoderarse de nuestros cielos.<\/p>\r\n\r\n\r\n\r\n<!--more-->\r\n<!--noteaser-->\r\n\r\n\r\n\r\n<p>Autor:\u00a0<strong>Miguel Antonio Bernal V.<\/strong><br>Profesi\u00f3n:\u00a0<strong>Catedr\u00e1tico de Derecho Constitucional<\/strong><\/p>\r\n\r\n\r\n\r\n<figure class=\"wp-block-audio\"><audio controls src=\"https:\/\/cuconstituyente.com\/wp-content\/uploads\/2025\/01\/unDiaIndignacion.mp3\"><\/audio><\/figure>\r\n\r\n\r\n\r\n<p><a href=\"https:\/\/cuconstituyente.com\/wp-content\/uploads\/2025\/01\/unDiaIndignacion.pdf\">Descargar art\u00edculo<\/a><\/p>\r\n\r\n\r\n\r\n<p class=\"has-text-align-justify\">A\u00fan siento la indignaci\u00f3n que produc\u00eda la ense\u00f1a patria, desgarrada, pisoteada, mancillada y que, ultrajada, recorr\u00eda apenas la Avenida Central de las manos de la muchachada institutora que, sin ocultar sus l\u00e1grimas, llevaba en sus rostros el dolor y la impotencia\u2026 cuando ya empezaban las primeras detonaciones.<\/p>\r\n\r\n\r\n\r\n<p class=\"has-text-align-justify\"><strong>La indignaci\u00f3n estall\u00f3 mucho antes que los disparos del ej\u00e9rcito estadounidense<\/strong> comenzaran a segar vidas, a abrir heridas en los cuerpos de centenares de hombres y mujeres de un pueblo desarmado. Las primeras horas del anochecer del 9 de enero de 1964, marcar\u00edan para siempre a nivel nacional y sin distinci\u00f3n, a los paname\u00f1os. Las olas humanas que se multiplicaron en las calles y avenidas de entonces, que se congregaron en las plazas y parques, que concurrieron ininterrumpidamente hasta el Palacio Presidencial, eran voceras de un coraje, de una c\u00f3lera c\u00edvica, de <strong>una indignaci\u00f3n sin paralelo<\/strong>.<\/p>\r\n\r\n\r\n\r\n<p class=\"has-text-align-justify\">La agresi\u00f3n her\u00eda, pero tambi\u00e9n un\u00eda. La impotencia ante la potencia aturd\u00eda, pero tambi\u00e9n despertaba un sentimiento del alma nacional que, por m\u00e1s de un siglo, yac\u00eda despojada del cuerpo social\u2026 El saldo tr\u00e1gico, en vidas humanas fue de <strong>22 paname\u00f1os muertos y m\u00e1s de 500 heridos<\/strong>. El sentimiento de indignaci\u00f3n nacional se expres\u00f3 en la romer\u00eda c\u00edvica que acompa\u00f1\u00f3 hasta el Jard\u00edn de Paz a los que, como <strong>Ascanio Arosemena, hab\u00edan muerto con \u201clas balas de cazar patos\u201d<\/strong>, de los soldados del general O\u2019Meara.<\/p>\r\n\r\n\r\n\r\n<p class=\"has-text-align-justify\">El presidente Roberto Francisco Chiari notific\u00f3 al presidente Lyndon B. Johnson, en una \u00e1spera comunicaci\u00f3n, la ruptura de relaciones diplom\u00e1ticas de Panam\u00e1 con Estados Unidos de Am\u00e9rica. Miguel J. Moreno pronunci\u00f3 un vibrante, patri\u00f3tico y emotivo discurso ante la OEA y la sociedad internacional condenaba la agresi\u00f3n.<\/p>\r\n\r\n\r\n\r\n<p class=\"has-text-align-justify\">Al conmemorar el sesenta y un aniversario de la gesta del 9 de enero, <strong>debemos impedir que la amnesia se siga apoderando de nuestras mentes<\/strong> y sepamos actuar y decir las verdades con la dignidad que las circunstancias exigen, para levantar nuestra voz con determinaci\u00f3n ante las nuevas amenazas y los nubarrones que pretenden apoderarse de nuestros cielos.<\/p>\r\n\r\n\r\n\r\n<p class=\"has-text-align-justify\">Debemos, hoy como nunca antes, ser ante <strong>todo paname\u00f1os como tempranamente nos lo ense\u00f1\u00f3 Don Justo Arosemena<\/strong> y tantos otros patriotas que nos precedieron en esta interminable lucha por la dignidad y la identidad nacional. Debemos superar las percepciones maniqueas que pretenden imponernos para establecer una interdependencia internacional que choca con nuestros intereses patrios. <strong>Es necesario sentar las bases necesarias para redefinir nuestras pol\u00edticas<\/strong> y alcanzar la necesaria autonom\u00eda estrat\u00e9gica como Estado parte del sistema internacional.<\/p>\r\n\r\n\r\n\r\n<p>As\u00ed lo reclaman: Ascanio Arosemena, Maritza Avila Alabarca, Luis Bonilla, Jos\u00e9 del Cid Cobos, Te\u00f3filo Belisario de la Torre, Gonzalo A. France, V\u00edctor M. Garibaldo, Jos\u00e9 Enrique Gil, Ezequiel Meneses Gonz\u00e1lez, V\u00edctor M. Iglesias, Rosa Elena Landecho, Carlos Renato Lara, Emilio Lara, Gustavo Lara, Ricardo Murgas Villamonte, Alberto Nichols Constance, Estanislao Orobio W., Jacinto Palacios Cobos, Ovidio L. Salda\u00f1a, Rodolfo S\u00e1nchez Ben\u00edtez, Alberto Oriol Tejada y Celestino Villarreta.<\/p>\r\n","protected":false},"excerpt":{"rendered":"<p>Autor:\u00a0Miguel Antonio Bernal V.Profesi\u00f3n:\u00a0Catedr\u00e1tico de Derecho Constitucional Descargar art\u00edculo Al conmemorar el sesenta y un aniversario de la gesta del 9 de enero, debemos\u2026 levantar nuestra voz con determinaci\u00f3n ante las nuevas amenazas y los nubarrones que pretenden apoderarse de nuestros cielos.<\/p>\n","protected":false},"author":1,"featured_media":3053,"comment_status":"open","ping_status":"open","sticky":false,"template":"","format":"standard","meta":{"_editorskit_title_hidden":false,"_editorskit_reading_time":0,"_editorskit_is_block_options_detached":false,"_editorskit_block_options_position":"{}","jetpack_post_was_ever_published":false,"_jetpack_newsletter_access":"","_jetpack_dont_email_post_to_subs":false,"_jetpack_newsletter_tier_id":0,"_jetpack_memberships_contains_paywalled_content":false,"_jetpack_memberships_contains_paid_content":false,"footnotes":"","jetpack_publicize_message":"","jetpack_publicize_feature_enabled":true,"jetpack_social_post_already_shared":true,"jetpack_social_options":{"image_generator_settings":{"template":"highway","default_image_id":0,"font":"","enabled":false},"version":2}},"categories":[17,8],"tags":[],"class_list":["post-3051","post","type-post","status-publish","format-standard","has-post-thumbnail","hentry","category-historia","category-opinion"],"jetpack_publicize_connections":[],"jetpack_featured_media_url":"https:\/\/i0.wp.com\/cuconstituyente.com\/wp-content\/uploads\/2025\/01\/unDiaIndignacion.jpg?fit=640%2C360&ssl=1","jetpack_sharing_enabled":true,"jetpack_likes_enabled":true,"_links":{"self":[{"href":"https:\/\/cuconstituyente.com\/index.php\/wp-json\/wp\/v2\/posts\/3051","targetHints":{"allow":["GET"]}}],"collection":[{"href":"https:\/\/cuconstituyente.com\/index.php\/wp-json\/wp\/v2\/posts"}],"about":[{"href":"https:\/\/cuconstituyente.com\/index.php\/wp-json\/wp\/v2\/types\/post"}],"author":[{"embeddable":true,"href":"https:\/\/cuconstituyente.com\/index.php\/wp-json\/wp\/v2\/users\/1"}],"replies":[{"embeddable":true,"href":"https:\/\/cuconstituyente.com\/index.php\/wp-json\/wp\/v2\/comments?post=3051"}],"version-history":[{"count":2,"href":"https:\/\/cuconstituyente.com\/index.php\/wp-json\/wp\/v2\/posts\/3051\/revisions"}],"predecessor-version":[{"id":3057,"href":"https:\/\/cuconstituyente.com\/index.php\/wp-json\/wp\/v2\/posts\/3051\/revisions\/3057"}],"wp:featuredmedia":[{"embeddable":true,"href":"https:\/\/cuconstituyente.com\/index.php\/wp-json\/wp\/v2\/media\/3053"}],"wp:attachment":[{"href":"https:\/\/cuconstituyente.com\/index.php\/wp-json\/wp\/v2\/media?parent=3051"}],"wp:term":[{"taxonomy":"category","embeddable":true,"href":"https:\/\/cuconstituyente.com\/index.php\/wp-json\/wp\/v2\/categories?post=3051"},{"taxonomy":"post_tag","embeddable":true,"href":"https:\/\/cuconstituyente.com\/index.php\/wp-json\/wp\/v2\/tags?post=3051"}],"curies":[{"name":"wp","href":"https:\/\/api.w.org\/{rel}","templated":true}]}}