{"id":321,"date":"2021-03-08T21:14:10","date_gmt":"2021-03-09T02:14:10","guid":{"rendered":"https:\/\/cuconstituyente.com\/?p=321"},"modified":"2021-03-10T20:44:49","modified_gmt":"2021-03-11T01:44:49","slug":"de-la-dictadura-a-la-democracia","status":"publish","type":"post","link":"https:\/\/cuconstituyente.com\/index.php\/2021\/03\/08\/de-la-dictadura-a-la-democracia\/","title":{"rendered":"De la Dictadura a la Democracia"},"content":{"rendered":"\n<h5 class=\"wp-block-heading\">Un Sistema Conceptual para la Liberaci\u00f3n<\/h5>\n\n\n\n<p class=\"has-text-align-justify\">Una de mis mayores inquietudes durante muchos a\u00f1os ha sido c\u00f3mo podr\u00eda la gente evitar que una dictadura se estableciera y c\u00f3mo destruirla. Esto se ha nutrido en parte por la convicci\u00f3n de que <strong>los seres humanos no deben ser ni dominados ni destruidos por semejantes reg\u00edmenes<\/strong>. Esta creencia se ha fortalecido con lecturas sobre la importancia de la libertad humana y la naturaleza de las dictaduras (desde Arist\u00f3teles hasta los analistas del totalitarismo) y la historia de las dictaduras (especialmente en los sistemas nazi y comunista).<\/p>\n\n\n\n<!--more-->\n\n\n\n<p class=\"has-text-align-justify\">Mi sentimiento de tribulaci\u00f3n y ultraje frente a la bestialidad impuesta, as\u00ed como mi admiraci\u00f3n ante el <strong>sereno hero\u00edsmo de hombres y mujeres incre\u00edblemente valientes<\/strong>, a veces se fortaleci\u00f3 cuando visit\u00e9 lugares donde el peligro a\u00fan era muy grande y, a pesar de ello, el valor de la gente se empe\u00f1aba en desafiarlo. Esto ocurr\u00eda en <strong>el Panam\u00e1 de Noriega<\/strong>, en Vilnius, Lituania, bajo la continua represi\u00f3n sovi\u00e9tica; en Beijing, en la plaza de Tiananmen, tanto durante la manifestaci\u00f3n festiva por la libertad como cuando los transportes del primer contingente armado entraron en la noche fatal; y en los cuarteles de la oposici\u00f3n democr\u00e1tica, en Manerplaw,en la \u00abBirmania liberada\u00bb.<\/p>\n\n\n\n<p class=\"has-text-align-justify\">En ning\u00fan lugar de este trabajo asumo que <strong>el desaf\u00edo contra los dictadores ser\u00e1 una empresa f\u00e1cil y poco costosa<\/strong>. Todas las formas de lucha tienen sus complicaciones y costos. El combate contra los dictadores por supuesto causar\u00e1 bajas. Sin embargo, espero que <strong>este an\u00e1lisis estimular\u00e1 a los l\u00edderes de la resistencia<\/strong> a considerar estrategias que puedan incrementar su poder efectivo y al mismo tiempo reducir el nivel relativo de bajas.<\/p>\n\n\n\n<p><strong>Libro<\/strong>: <a rel=\"noreferrer noopener\" href=\"https:\/\/cuconstituyente.com\/wp-content\/uploads\/2021\/03\/dictaduraADemocracia.pdf\" target=\"_blank\">De la dictadura a la democracia<\/a><br>          <a href=\"https:\/\/www.youtube.com\/watch?v=e6dQnVtPjas&amp;list=PLBGKY7-a1faQEc_LnIi8ly40iAzzw4hAT\" target=\"_blank\" rel=\"noreferrer noopener\">Audiolibro<\/a><\/p>\n","protected":false},"excerpt":{"rendered":"<p>Un Sistema Conceptual para la Liberaci\u00f3n Una de mis mayores inquietudes durante muchos a\u00f1os ha sido c\u00f3mo podr\u00eda la gente evitar que una dictadura se estableciera y c\u00f3mo destruirla. Esto se ha nutrido en parte por la convicci\u00f3n de que los seres humanos no deben ser ni dominados ni destruidos por semejantes reg\u00edmenes. Esta creencia [&hellip;]<\/p>\n","protected":false},"author":1,"featured_media":126,"comment_status":"open","ping_status":"open","sticky":false,"template":"","format":"standard","meta":{"_editorskit_title_hidden":false,"_editorskit_reading_time":0,"_editorskit_is_block_options_detached":false,"_editorskit_block_options_position":"{}","jetpack_post_was_ever_published":false,"_jetpack_newsletter_access":"","_jetpack_dont_email_post_to_subs":false,"_jetpack_newsletter_tier_id":0,"_jetpack_memberships_contains_paywalled_content":false,"_jetpack_memberships_contains_paid_content":false,"footnotes":"","jetpack_publicize_message":"","jetpack_publicize_feature_enabled":true,"jetpack_social_post_already_shared":true,"jetpack_social_options":{"image_generator_settings":{"template":"highway","default_image_id":0,"font":"","enabled":false},"version":2}},"categories":[5,7],"tags":[],"class_list":["post-321","post","type-post","status-publish","format-standard","has-post-thumbnail","hentry","category-constituyente","category-material-referencia"],"jetpack_publicize_connections":[],"jetpack_featured_media_url":"https:\/\/i0.wp.com\/cuconstituyente.com\/wp-content\/uploads\/2021\/01\/asambleaConstituyenteYa.jpg?fit=1280%2C640&ssl=1","jetpack_sharing_enabled":true,"jetpack_likes_enabled":true,"_links":{"self":[{"href":"https:\/\/cuconstituyente.com\/index.php\/wp-json\/wp\/v2\/posts\/321","targetHints":{"allow":["GET"]}}],"collection":[{"href":"https:\/\/cuconstituyente.com\/index.php\/wp-json\/wp\/v2\/posts"}],"about":[{"href":"https:\/\/cuconstituyente.com\/index.php\/wp-json\/wp\/v2\/types\/post"}],"author":[{"embeddable":true,"href":"https:\/\/cuconstituyente.com\/index.php\/wp-json\/wp\/v2\/users\/1"}],"replies":[{"embeddable":true,"href":"https:\/\/cuconstituyente.com\/index.php\/wp-json\/wp\/v2\/comments?post=321"}],"version-history":[{"count":4,"href":"https:\/\/cuconstituyente.com\/index.php\/wp-json\/wp\/v2\/posts\/321\/revisions"}],"predecessor-version":[{"id":344,"href":"https:\/\/cuconstituyente.com\/index.php\/wp-json\/wp\/v2\/posts\/321\/revisions\/344"}],"wp:featuredmedia":[{"embeddable":true,"href":"https:\/\/cuconstituyente.com\/index.php\/wp-json\/wp\/v2\/media\/126"}],"wp:attachment":[{"href":"https:\/\/cuconstituyente.com\/index.php\/wp-json\/wp\/v2\/media?parent=321"}],"wp:term":[{"taxonomy":"category","embeddable":true,"href":"https:\/\/cuconstituyente.com\/index.php\/wp-json\/wp\/v2\/categories?post=321"},{"taxonomy":"post_tag","embeddable":true,"href":"https:\/\/cuconstituyente.com\/index.php\/wp-json\/wp\/v2\/tags?post=321"}],"curies":[{"name":"wp","href":"https:\/\/api.w.org\/{rel}","templated":true}]}}