{"id":348,"date":"2021-03-08T21:27:49","date_gmt":"2021-03-09T02:27:49","guid":{"rendered":"https:\/\/cuconstituyente.com\/?p=348"},"modified":"2021-03-10T21:29:34","modified_gmt":"2021-03-11T02:29:34","slug":"comunicado-2021-5","status":"publish","type":"post","link":"https:\/\/cuconstituyente.com\/index.php\/2021\/03\/08\/comunicado-2021-5\/","title":{"rendered":"Comunicado 2021-5"},"content":{"rendered":"\n<p class=\"has-drop-cap has-text-align-justify\">1 Consciente del profundo y creciente estado de descomposici\u00f3n moral, pol\u00edtica y socioecon\u00f3mica, caracterizado por la desigualdad social y corrupci\u00f3n asfixiante, la remilitarizaci\u00f3n, la impunidad y la inoperancia de los tres \u00f3rganos del Estado, como de la mayor\u00eda absoluta de las instituciones p\u00fablicas, <strong>exhorta a todas las organizaciones c\u00edvicas, sociales, laborales, gremiales, sindicales, profesionales, culturales, docentes, estudiantiles, juveniles, a todos los ciudadanos amantes de la libertad y de nuestro pa\u00eds y a la poblaci\u00f3n en general, a coordinar esfuerzos conjuntos<\/strong> hacia la consecuci\u00f3n de un objetivo com\u00fan, sintetizado \u00e9ste, en un proceso constituyente que nos lleve a una <strong>nueva constituci\u00f3n v\u00eda Asamblea Nacional Constituyente<\/strong>.<\/p>\n\n\n\n<!--more-->\n\n\n\n<p class=\"has-drop-cap has-text-align-justify\">2 <strong>La Asamblea Nacional Constituyente es la \u00fanica v\u00eda participativa<\/strong>, pac\u00edfica, incluyente, capaz de conferirle legitimidad al ejercicio del poder p\u00fablico, sustentado en la voluntad de amplia mayor\u00eda ciudadana, con efectivos y reales mecanismos de control ciudadano para evitar el ejercicio irracional del poder pol\u00edtico. El estado de degradaci\u00f3n integral existente, exige el compromiso de todos, particularmente de quienes confiamos en que una mejor sociedad es posible y decidimos construirla juntos.<\/p>\n\n\n\n<p class=\"has-drop-cap has-text-align-justify\">3 <strong>Es imprescindible deponer intereses particulares<\/strong>, sean de car\u00e1cter partidario, econ\u00f3mico o de cualquier otra \u00edndole. El prop\u00f3sito de la lucha c\u00edvica que proponemos, es la construcci\u00f3n de estructuras que permitan refundar la nueva rep\u00fablica, <strong>donde el bienestar de la mayor\u00eda sea el principal objetivo<\/strong>; comenzando por el saneamiento e independencia y transparencia total de la administraci\u00f3n de justicia, para que, sin excepci\u00f3n, todos aquellos que, en las recientes administraciones, hayan utilizado fondos p\u00fablicos para provecho personal o de terceros, sean enjuiciados y sus bienes mal habidos reintegrados al tesoro nacional.<\/p>\n\n\n\n<p class=\"has-drop-cap has-text-align-justify\">4 <strong>En el Movimiento de Ciudadanos Unidos por la Constituyente (CUCO), no somos depositarios de la raz\u00f3n ni de la verdad y consideramos que para la consecuci\u00f3n de la meta propuesta, la unidad es requisito imprescindible<\/strong>, de ah\u00ed que nuestro llamado sea a intercambiar y debatir ideas, a accionar y reaccionar unidos, a fin de identificar las coincidencias, que faciliten concretar el objetivo propuesto de un real y verdadero cambio transformador, al menor costo social<\/p>\n\n\n\n<p class=\"has-drop-cap has-text-align-justify\">5 <strong>Afirmamos que la soluci\u00f3n reside en la voluntad de la mayor\u00eda ciudadana<\/strong>; por lo cual no hay cabida para reformas cosm\u00e9ticas o \u201ccambios para que nada cambie\u201d y mucho menos para acuerdos con quienes son parte del problema.<\/p>\n\n\n\n<p class=\"has-text-align-justify\"><strong>Llamamos a que unamos esfuerzos y acciones en lo inmediato<\/strong>, por un refer\u00e9ndum de plena participaci\u00f3n ciudadana, para construir el nuevo pacto social, democr\u00e1tico, participativo y solidario a trav\u00e9s de una Asamblea Nacional Constituyente, con plenos poderes ciudadanos.<\/p>\n\n\n\n<p class=\"has-text-align-justify\">Dado en la Ciudad de Panam\u00e1, a los 8 d\u00edas del mes de marzo de 2021.<\/p>\n","protected":false},"excerpt":{"rendered":"<p>1 Consciente del profundo y creciente estado de descomposici\u00f3n moral, pol\u00edtica y socioecon\u00f3mica, caracterizado por la desigualdad social y corrupci\u00f3n asfixiante, la remilitarizaci\u00f3n, la impunidad y la inoperancia de los tres \u00f3rganos del Estado, como de la mayor\u00eda absoluta de las instituciones p\u00fablicas, exhorta a todas las organizaciones c\u00edvicas, sociales, laborales, gremiales, sindicales, profesionales, culturales, [&hellip;]<\/p>\n","protected":false},"author":1,"featured_media":42,"comment_status":"open","ping_status":"open","sticky":false,"template":"","format":"standard","meta":{"_editorskit_title_hidden":false,"_editorskit_reading_time":0,"_editorskit_is_block_options_detached":false,"_editorskit_block_options_position":"{}","jetpack_post_was_ever_published":false,"_jetpack_newsletter_access":"","_jetpack_dont_email_post_to_subs":false,"_jetpack_newsletter_tier_id":0,"_jetpack_memberships_contains_paywalled_content":false,"_jetpack_memberships_contains_paid_content":false,"footnotes":"","jetpack_publicize_message":"","jetpack_publicize_feature_enabled":true,"jetpack_social_post_already_shared":true,"jetpack_social_options":{"image_generator_settings":{"template":"highway","default_image_id":0,"font":"","enabled":false},"version":2}},"categories":[5,1],"tags":[],"class_list":["post-348","post","type-post","status-publish","format-standard","has-post-thumbnail","hentry","category-constituyente","category-noticias"],"jetpack_publicize_connections":[],"jetpack_featured_media_url":"https:\/\/i0.wp.com\/cuconstituyente.com\/wp-content\/uploads\/2020\/12\/cucoLogo.jpg?fit=1120%2C372&ssl=1","jetpack_sharing_enabled":true,"jetpack_likes_enabled":true,"_links":{"self":[{"href":"https:\/\/cuconstituyente.com\/index.php\/wp-json\/wp\/v2\/posts\/348","targetHints":{"allow":["GET"]}}],"collection":[{"href":"https:\/\/cuconstituyente.com\/index.php\/wp-json\/wp\/v2\/posts"}],"about":[{"href":"https:\/\/cuconstituyente.com\/index.php\/wp-json\/wp\/v2\/types\/post"}],"author":[{"embeddable":true,"href":"https:\/\/cuconstituyente.com\/index.php\/wp-json\/wp\/v2\/users\/1"}],"replies":[{"embeddable":true,"href":"https:\/\/cuconstituyente.com\/index.php\/wp-json\/wp\/v2\/comments?post=348"}],"version-history":[{"count":3,"href":"https:\/\/cuconstituyente.com\/index.php\/wp-json\/wp\/v2\/posts\/348\/revisions"}],"predecessor-version":[{"id":353,"href":"https:\/\/cuconstituyente.com\/index.php\/wp-json\/wp\/v2\/posts\/348\/revisions\/353"}],"wp:featuredmedia":[{"embeddable":true,"href":"https:\/\/cuconstituyente.com\/index.php\/wp-json\/wp\/v2\/media\/42"}],"wp:attachment":[{"href":"https:\/\/cuconstituyente.com\/index.php\/wp-json\/wp\/v2\/media?parent=348"}],"wp:term":[{"taxonomy":"category","embeddable":true,"href":"https:\/\/cuconstituyente.com\/index.php\/wp-json\/wp\/v2\/categories?post=348"},{"taxonomy":"post_tag","embeddable":true,"href":"https:\/\/cuconstituyente.com\/index.php\/wp-json\/wp\/v2\/tags?post=348"}],"curies":[{"name":"wp","href":"https:\/\/api.w.org\/{rel}","templated":true}]}}