{"id":3504,"date":"2025-05-02T20:47:18","date_gmt":"2025-05-03T01:47:18","guid":{"rendered":"https:\/\/cuconstituyente.com\/?p=3504"},"modified":"2025-05-02T20:48:12","modified_gmt":"2025-05-03T01:48:12","slug":"panama-avanza-hacia-una-asamblea-constituyente-originaria","status":"publish","type":"post","link":"https:\/\/cuconstituyente.com\/index.php\/2025\/05\/02\/panama-avanza-hacia-una-asamblea-constituyente-originaria\/","title":{"rendered":"Panam\u00e1 avanza hacia una Asamblea Constituyente Originaria"},"content":{"rendered":"\n<p>Para el 2028 se espera que Panam\u00e1 tenga una nueva Constituci\u00f3n Pol\u00edtica, derivada de un proceso democr\u00e1tico basado en la elecci\u00f3n de una Asamblea Constituyente Originaria, cuyos miembros se ocupar\u00e1n de redactar la nueva Carta Magna que sustituya a la ya desactualizada Constituci\u00f3n de 1972.<\/p>\n\n\n\n<!--more-->\n\n\n\n<p>Esta es la misi\u00f3n de la Secretar\u00eda Presidencial para la Reorganizaci\u00f3n del Estado y Asuntos Constitucionales (SEPRESAC), bajo la coordinaci\u00f3n del asesor presidencial, Miguel Antonio Bernal.&nbsp;<\/p>\n\n\n\n<p>En t\u00e9rminos gr\u00e1ficos, Bernal present\u00f3 un cronograma del proceso que inici\u00f3 este a\u00f1o con lo que \u00e9l llama la alfabetizaci\u00f3n constitucional y la divulgaci\u00f3n del proceso a todos los sectores del pa\u00eds. En el 2026 debe darse el pacto nacional para la selecci\u00f3n de los candidatos a constituyentes; en el 2027 ser\u00e1 la elecci\u00f3n popular de constituyentes y la redacci\u00f3n de la nueva Constituci\u00f3n. Finalmente, en 2028, se realizar\u00e1 el refer\u00e9ndum para la aprobaci\u00f3n de la nueva Constituci\u00f3n y su promulgaci\u00f3n.&nbsp;<a href=\"https:\/\/tucomunidad.com.pa\/wp-content\/uploads\/2025\/04\/CONSTITUYENTE-2-scaled.jpg\"><\/a><\/p>\n\n\n\n<p><strong>Profundo desconocimiento<\/strong><\/p>\n\n\n\n<p>Bernal destaca que es muy importante que la poblaci\u00f3n conozca lo que es una Carta Magna y sepa identificar sus deberes y derechos consagrados en ella. \u201cAhora mismo hay un desconocimiento producto del atraso en el que vivimos como sociedad en torno a los valores c\u00edvicos, que contribuyen a que una sociedad pueda tener una convivencia pac\u00edfica\u201d, asegura. Y este es precisamente el objetivo de la primera etapa se\u00f1alada en el plan y que se denomina \u201cAlfabetizaci\u00f3n Constitucional\u201d, cuyo desarrollo podr\u00eda tomar de 12 a 18 meses y representa la base de las etapas restantes.<\/p>\n\n\n\n<p>Refiere Miguel Antonio Bernal, docente universitario, abogado, escritor, doctor en Ciencias Pol\u00edticas, cr\u00edtico y activista pol\u00edtico, que esta etapa de informaci\u00f3n ya inici\u00f3 y se est\u00e1 brindando una inducci\u00f3n a los funcionarios p\u00fablicos de todas las instancia y luego ellos ser\u00e1 replicadores de la informaci\u00f3n a la comunidad. Tambi\u00e9n se est\u00e1n realizando cabildos, talleres y recorridos por oficinas de la capital y del interior del pa\u00eds.&nbsp;<\/p>\n\n\n\n<p><strong>Amigos y enemigos<\/strong><\/p>\n\n\n\n<p>La redacci\u00f3n de una nueva constituci\u00f3n es una idea que tiene muchos aliados pero de la misma forma tiene muchos detractores, personas que tienen ascendencia en la opini\u00f3n p\u00fablica o que ejercen funciones clave en el Estado, que se oponen a esta iniciativa y prefieren otras maneras como la reforma constitucional desde la Asamblea Nacional o a trav\u00e9s de una comisi\u00f3n nombrada por \u00e9sta.<\/p>\n\n\n\n<p>En este contexto, Bernal aclara que el Ejecutivo apoya firmemente la elecci\u00f3n de una Asamblea Constituyente para redactar una nueva Constituci\u00f3n y es por ello que se crea su despacho.&nbsp;<\/p>\n\n\n\n<p>No obstante, se\u00f1ala que hay instancias muy importantes para el proceso que se oponen, como es el caso del Tribunal Electoral, donde los tres magistrados han expresado su desacuerdo con una Constituyente Originaria y est\u00e1n promoviendo en este momento una reforma la C\u00f3digo Electoral, cosa que no tiene sentido si estamos hablando de una nueva constituci\u00f3n.&nbsp;<a href=\"https:\/\/tucomunidad.com.pa\/wp-content\/uploads\/2025\/04\/CONSTITUYENTE-3.jpg\"><\/a><\/p>\n\n\n\n<figure class=\"wp-block-image size-full\"><img data-recalc-dims=\"1\" loading=\"lazy\" decoding=\"async\" width=\"580\" height=\"326\" data-attachment-id=\"3506\" data-permalink=\"https:\/\/cuconstituyente.com\/index.php\/2025\/05\/02\/panama-avanza-hacia-una-asamblea-constituyente-originaria\/descontentosocialpanama\/\" data-orig-file=\"https:\/\/i0.wp.com\/cuconstituyente.com\/wp-content\/uploads\/2025\/05\/descontentoSocialPanama.jpg?fit=800%2C450&amp;ssl=1\" data-orig-size=\"800,450\" data-comments-opened=\"1\" data-image-meta=\"{&quot;aperture&quot;:&quot;0&quot;,&quot;credit&quot;:&quot;&quot;,&quot;camera&quot;:&quot;&quot;,&quot;caption&quot;:&quot;&quot;,&quot;created_timestamp&quot;:&quot;0&quot;,&quot;copyright&quot;:&quot;&quot;,&quot;focal_length&quot;:&quot;0&quot;,&quot;iso&quot;:&quot;0&quot;,&quot;shutter_speed&quot;:&quot;0&quot;,&quot;title&quot;:&quot;&quot;,&quot;orientation&quot;:&quot;0&quot;}\" data-image-title=\"descontentoSocialPanama\" data-image-description=\"\" data-image-caption=\"\" data-medium-file=\"https:\/\/i0.wp.com\/cuconstituyente.com\/wp-content\/uploads\/2025\/05\/descontentoSocialPanama.jpg?fit=300%2C169&amp;ssl=1\" data-large-file=\"https:\/\/i0.wp.com\/cuconstituyente.com\/wp-content\/uploads\/2025\/05\/descontentoSocialPanama.jpg?fit=580%2C326&amp;ssl=1\" src=\"https:\/\/i0.wp.com\/cuconstituyente.com\/wp-content\/uploads\/2025\/05\/descontentoSocialPanama.jpg?resize=580%2C326&#038;ssl=1\" alt=\"\" class=\"wp-image-3506\" srcset=\"https:\/\/i0.wp.com\/cuconstituyente.com\/wp-content\/uploads\/2025\/05\/descontentoSocialPanama.jpg?w=800&amp;ssl=1 800w, https:\/\/i0.wp.com\/cuconstituyente.com\/wp-content\/uploads\/2025\/05\/descontentoSocialPanama.jpg?resize=300%2C169&amp;ssl=1 300w, https:\/\/i0.wp.com\/cuconstituyente.com\/wp-content\/uploads\/2025\/05\/descontentoSocialPanama.jpg?resize=768%2C432&amp;ssl=1 768w\" sizes=\"auto, (max-width: 580px) 100vw, 580px\" \/><\/figure>\n\n\n\n<p><strong>Malestar social<\/strong><\/p>\n\n\n\n<p>Un aspecto que Bernal viene se\u00f1alando ya hace varios a\u00f1os es que Panam\u00e1 mantiene una situaci\u00f3n de descontento social y ello deriva de la falta de atenci\u00f3n y soluciones a los problemas de las mayor\u00edas, ese es un factor latente y peligroso que no tiene salidas en la actual constituci\u00f3n, seg\u00fan sus consideraciones.&nbsp;<\/p>\n\n\n\n<p>\u201cLo que buscamos, en medio de este proceso constituyente, es mantener viva la convivencia pac\u00edfica, mediante el di\u00e1logo y el debate. Entre m\u00e1s personas conozcan sus derechos, deberes y el rol de una constituci\u00f3n, creo que vamos a poder avanzar\u201d, dijo Bernal en una reciente entrevista al diario La Estrella de Panam\u00e1.&nbsp;<\/p>\n\n\n\n<p>\u201cCon la constituci\u00f3n actual, no vamos a salir de los problemas que tenemos, ll\u00e1mese mina, CSS, deuda p\u00fablica y otros, porque los \u00d3rganos del Estado, en la actualidad, son disfuncionales\u201d, recalc\u00f3.&nbsp;<\/p>\n\n\n\n<p>La soluci\u00f3n para este abogado, encargado de la reforma del Estado, est\u00e1 en una nueva Carta Magna que se ajuste a los nuevos tiempos y las din\u00e1micas de pa\u00eds y del mundo, que se nutra de las experiencias vividas para crear un marco normativo moderno que contribuya con el desarrollo del pa\u00eds y fije las bases para el futuro.<\/p>\n\n\n\n<p><strong>Fuente:<\/strong> <a href=\"https:\/\/tucomunidad.com.pa\/2025\/04\/panama-avanza-hacia-una-asamblea-constituyente-originaria\/\">San Francisco News<\/a><\/p>\n","protected":false},"excerpt":{"rendered":"<p>Para el 2028 se espera que Panam\u00e1 tenga una nueva Constituci\u00f3n Pol\u00edtica, derivada de un proceso democr\u00e1tico basado en la elecci\u00f3n de una Asamblea Constituyente Originaria, cuyos miembros se ocupar\u00e1n de redactar la nueva Carta Magna que sustituya a la ya desactualizada Constituci\u00f3n de 1972.<\/p>\n","protected":false},"author":1,"featured_media":3505,"comment_status":"open","ping_status":"open","sticky":false,"template":"","format":"standard","meta":{"_editorskit_title_hidden":false,"_editorskit_reading_time":0,"_editorskit_is_block_options_detached":false,"_editorskit_block_options_position":"{}","jetpack_post_was_ever_published":false,"_jetpack_newsletter_access":"","_jetpack_dont_email_post_to_subs":false,"_jetpack_newsletter_tier_id":0,"_jetpack_memberships_contains_paywalled_content":false,"_jetpack_memberships_contains_paid_content":false,"footnotes":"","jetpack_publicize_message":"","jetpack_publicize_feature_enabled":true,"jetpack_social_post_already_shared":true,"jetpack_social_options":{"image_generator_settings":{"template":"highway","default_image_id":0,"font":"","enabled":false},"version":2}},"categories":[5,1],"tags":[],"class_list":["post-3504","post","type-post","status-publish","format-standard","has-post-thumbnail","hentry","category-constituyente","category-noticias"],"jetpack_publicize_connections":[],"jetpack_featured_media_url":"https:\/\/i0.wp.com\/cuconstituyente.com\/wp-content\/uploads\/2025\/05\/avanzaPanamaConstituyente.jpg?fit=800%2C534&ssl=1","jetpack_sharing_enabled":true,"jetpack_likes_enabled":true,"_links":{"self":[{"href":"https:\/\/cuconstituyente.com\/index.php\/wp-json\/wp\/v2\/posts\/3504","targetHints":{"allow":["GET"]}}],"collection":[{"href":"https:\/\/cuconstituyente.com\/index.php\/wp-json\/wp\/v2\/posts"}],"about":[{"href":"https:\/\/cuconstituyente.com\/index.php\/wp-json\/wp\/v2\/types\/post"}],"author":[{"embeddable":true,"href":"https:\/\/cuconstituyente.com\/index.php\/wp-json\/wp\/v2\/users\/1"}],"replies":[{"embeddable":true,"href":"https:\/\/cuconstituyente.com\/index.php\/wp-json\/wp\/v2\/comments?post=3504"}],"version-history":[{"count":2,"href":"https:\/\/cuconstituyente.com\/index.php\/wp-json\/wp\/v2\/posts\/3504\/revisions"}],"predecessor-version":[{"id":3508,"href":"https:\/\/cuconstituyente.com\/index.php\/wp-json\/wp\/v2\/posts\/3504\/revisions\/3508"}],"wp:featuredmedia":[{"embeddable":true,"href":"https:\/\/cuconstituyente.com\/index.php\/wp-json\/wp\/v2\/media\/3505"}],"wp:attachment":[{"href":"https:\/\/cuconstituyente.com\/index.php\/wp-json\/wp\/v2\/media?parent=3504"}],"wp:term":[{"taxonomy":"category","embeddable":true,"href":"https:\/\/cuconstituyente.com\/index.php\/wp-json\/wp\/v2\/categories?post=3504"},{"taxonomy":"post_tag","embeddable":true,"href":"https:\/\/cuconstituyente.com\/index.php\/wp-json\/wp\/v2\/tags?post=3504"}],"curies":[{"name":"wp","href":"https:\/\/api.w.org\/{rel}","templated":true}]}}