{"id":3657,"date":"2025-05-30T14:42:50","date_gmt":"2025-05-30T19:42:50","guid":{"rendered":"https:\/\/cuconstituyente.com\/?p=3657"},"modified":"2025-05-30T14:42:51","modified_gmt":"2025-05-30T19:42:51","slug":"democracia-capricho-de-pocos-y-perjuicio-de-muchos","status":"publish","type":"post","link":"https:\/\/cuconstituyente.com\/index.php\/2025\/05\/30\/democracia-capricho-de-pocos-y-perjuicio-de-muchos\/","title":{"rendered":"Democracia: \u00bfcapricho de pocos y perjuicio de muchos?"},"content":{"rendered":"\n<p><em>Por <\/em><em><strong>Cristian Nieto Guerra<\/strong><\/em><em> \u2013 Docente universitario<\/em><\/p>\n\n\n\n<figure class=\"wp-block-audio\"><audio controls src=\"https:\/\/cuconstituyente.com\/wp-content\/uploads\/2025\/05\/democraciaCaprichoPocosPerjuicioMuchos.mp3\"><\/audio><\/figure>\n\n\n\n<p><a href=\"https:\/\/cuconstituyente.com\/wp-content\/uploads\/2025\/05\/democraciaCaprichoPocosPerjuicioMuchos.pdf\">Descargar art\u00edculo<\/a><\/p>\n\n\n\n<p>En teor\u00eda, <strong>la democracia es el sistema donde el poder reside en el pueblo<\/strong>. En la pr\u00e1ctica paname\u00f1a, sin embargo, este ideal parece haberse distorsionado hasta convertirse en una contradicci\u00f3n: <strong>una democracia que funciona como privilegio de \u00e9lites y opresi\u00f3n para la gran mayor\u00edas de la ciudadan\u00eda<\/strong>. <\/p>\n\n\n\n<!--more-->\n<!--noteaser-->\n\n\n\n<p><em>Por <\/em><em><strong>Cristian Nieto Guerra<\/strong><\/em><em> \u2013 Docente universitario<\/em><\/p>\n\n\n\n<figure class=\"wp-block-audio\"><audio controls src=\"https:\/\/cuconstituyente.com\/wp-content\/uploads\/2025\/05\/democraciaCaprichoPocosPerjuicioMuchos.mp3\"><\/audio><\/figure>\n\n\n\n<p><a href=\"https:\/\/cuconstituyente.com\/wp-content\/uploads\/2025\/05\/democraciaCaprichoPocosPerjuicioMuchos.pdf\">Descargar art\u00edculo<\/a><\/p>\n\n\n\n<p>En teor\u00eda, <strong>la democracia es el sistema donde el poder reside en el pueblo<\/strong>. En la pr\u00e1ctica paname\u00f1a, sin embargo, este ideal parece haberse distorsionado hasta convertirse en una contradicci\u00f3n: <strong>una democracia que funciona como privilegio de \u00e9lites y opresi\u00f3n para la gran mayor\u00edas de la ciudadan\u00eda<\/strong>.Esta deformaci\u00f3n queda de manifiesto con cada ley aprobada sin consulta, con cada nombramiento manipulado, y con cada crisis social ignorada. La reciente <strong>Ley 462, que reforma el sistema de pensiones de la Caja de Seguro Social (CSS)<\/strong>, es el m\u00e1s reciente y preocupante ejemplo.<\/p>\n\n\n\n<p>La Ley 462 fue aprobada en medio de un clima de <strong>tensi\u00f3n social, repudio popular y falta de transparencia.<\/strong> Se present\u00f3 como una \u201csoluci\u00f3n t\u00e9cnica\u201d a la crisis de la CSS, pero sin abrir canales reales de participaci\u00f3n ciudadana, sin auditor\u00edas independientes y sin voluntad pol\u00edtica de explorar alternativas justas y sostenibles. Se impuso en contubernio desde el poder ejecutivo y legislativo como una decisi\u00f3n vertical, sellada por acuerdos entre \u00e9lites pol\u00edticas y empresariales, <strong>ignorando las voces de trabajadores, jubilados, estudiantes, gremios y sectores sociales organizados<\/strong>.<\/p>\n\n\n\n<p>Y es aqu\u00ed donde nace la paradoja democr\u00e1tica: <strong>las leyes las hacen unos pocos, pero sus consecuencias las sufre todo el pa\u00eds.<\/strong> La Asamblea Nacional legisla sin consulta vinculante; el Ejecutivo sanciona sin rendici\u00f3n de cuentas; y los ciudadanos, sin poder de revocatoria ni veto popular, <strong>solo pueden ver c\u00f3mo su futuro es negociado a puerta cerrada.<\/strong><\/p>\n\n\n\n<h4 class=\"wp-block-heading\">\u00bfQu\u00e9 tipo de democracia permite eso?<\/h4>\n\n\n\n<p>Una democracia real se basa en tres pilares fundamentales:<\/p>\n\n\n\n<ol class=\"wp-block-list\">\n<li><strong>Representaci\u00f3n leg\u00edtima y fiscalizable:<\/strong><strong> <\/strong><strong>que quienes ejercen el poder lo hacen <\/strong><strong>en nombre del pueblo<\/strong><strong>, y deben responder por sus actos ante \u00e9l. Esto implica que:<\/strong><\/li>\n<\/ol>\n\n\n\n<ul class=\"wp-block-list\">\n<li>Las autoridades deben ser elegidas de forma <strong>libre, peri\u00f3dica y transparente<\/strong>.<\/li>\n\n\n\n<li>Los representantes deben <strong>responder al inter\u00e9s p\u00fablico<\/strong>, no a intereses privados ni partidistas.<\/li>\n\n\n\n<li>El pueblo debe contar con <strong>mecanismos para fiscalizar, evaluar e incluso revocar<\/strong> a sus representantes si incumplen su mandato.<\/li>\n<\/ul>\n\n\n\n<ol start=\"2\" class=\"wp-block-list\">\n<li><strong>Participaci\u00f3n ciudadana constante y efectiva:<\/strong><strong> <\/strong><strong>q<\/strong><strong>ue la democracia <\/strong><strong>no se reduce al voto cada cinco a\u00f1os<\/strong><strong>. Es un sistema que debe permitir a la ciudadan\u00eda:<\/strong><\/li>\n<\/ol>\n\n\n\n<ul class=\"wp-block-list\">\n<li>Opinar, proponer y deliberar sobre las decisiones que afectan su vida.<\/li>\n\n\n\n<li>Acceder a espacios de <strong>consulta vinculante<\/strong> y no simb\u00f3lica.<\/li>\n\n\n\n<li>Organizarse libremente en movimientos, asociaciones o cabildos.<\/li>\n\n\n\n<li>Ejercer formas de <strong>control y vigilancia social<\/strong> de las instituciones.<\/li>\n<\/ul>\n\n\n\n<ol start=\"3\" class=\"wp-block-list\">\n<li><strong>Justicia social y equidad en la toma de decisiones:<\/strong><strong> <\/strong><strong>q<\/strong><strong>ue la democracia debe garantizar igualdad de condiciones y oportunidades para todos, y un sistema institucional que aplique la ley con equidad, sin privilegios ni impunidad. Esto requiere:<\/strong><\/li>\n<\/ol>\n\n\n\n<ul class=\"wp-block-list\">\n<li>Redistribuci\u00f3n justa de la riqueza.<\/li>\n\n\n\n<li>Acceso universal a derechos como salud, educaci\u00f3n, vivienda y trabajo digno.<\/li>\n\n\n\n<li><strong>Independencia real del sistema judicial<\/strong>.<\/li>\n\n\n\n<li>Protecci\u00f3n de los m\u00e1s vulnerables frente a abusos del poder o del mercado.<\/li>\n<\/ul>\n\n\n\n<p>En Panam\u00e1, la representaci\u00f3n est\u00e1 secuestrada por intereses partidistas; la participaci\u00f3n es reducida a una votaci\u00f3n cada cinco a\u00f1os, y la justicia social est\u00e1 subordinada a modelos econ\u00f3micos que priorizan el mercado sobre el ser humano. <strong>Se legisla sin di\u00e1logo; se gobierna sin escuchar <\/strong><strong>al pueblo<\/strong><strong>.<\/strong><\/p>\n\n\n\n<p>Entonces, la democracia deja de ser una herramienta del pueblo para convertirse en una <strong>estructura funcional al poder<\/strong>, que permite que unos pocos \u2014amparados en el voto\u2014 usen el sistema para proteger sus intereses, blindar sus privilegios y legalizar sus abusos.<\/p>\n\n\n\n<h4 class=\"wp-block-heading\">La Ley 462: legal, pero ileg\u00edtima<\/h4>\n\n\n\n<p>Muchos defienden la Ley 462 diciendo que fue aprobada conforme al procedimiento legislativo. \u00bfPero eso basta para justificar su legitimidad?<br><strong>Lo legal no siempre es lo justo.<\/strong> Y en democracia, <strong>la legitimidad no solo se mide por los votos, sino por la inclusi\u00f3n, la equidad y la transparencia<\/strong><strong>.<\/strong><\/p>\n\n\n\n<p>Una ley que afecta profundamente el derecho a una jubilaci\u00f3n digna no puede imponerse sin consulta real, sin datos p\u00fablicos, sin di\u00e1logo amplio y plural. <strong>Cuando eso ocurre, el sistema deja de representar al pueblo para convertirse en su opresor<\/strong><strong>.<\/strong><\/p>\n\n\n\n<h4 class=\"wp-block-heading\">De la obediencia pasiva al pensamiento activo<\/h4>\n\n\n\n<p>La frase <em>\u201cDemocracia: capricho de pocos y perjuicio de muchos\u201d<\/em> refleja esa realidad silenciada por el discurso oficialista. En un pa\u00eds donde el pueblo solo es convocado, cada cinco a\u00f1os, para legitimar decisiones ya tomadas por el poder de facto, <strong>pensar se vuelve un acto revolucionario.<\/strong> Cuestionar no es subversi\u00f3n: <strong>es responsabilidad c\u00edvica <\/strong><strong>de cada ciudadano<\/strong><strong>.<\/strong><\/p>\n\n\n\n<p>Hoy, el pueblo paname\u00f1o debe asumir su rol no solo como votante, sino como <strong>sujeto activo de transformaci\u00f3n democr\u00e1tica.<\/strong> Exigir transparencia, fiscalizaci\u00f3n, control social, revocatoria de mandato, refer\u00e9ndums vinculantes y nuevos modelos de participaci\u00f3n ciudadana.<\/p>\n\n\n\n<h4 class=\"wp-block-heading\">\u00bfQu\u00e9 hacer? Apostar por un nuevo pacto social<\/h4>\n\n\n\n<p>La crisis institucional, la desconfianza en los partidos, la corrupci\u00f3n estructural y la exclusi\u00f3n social no se resuelven con maquillajes legales ni reformas cosm\u00e9ticas. Lo que Panam\u00e1 necesita es <strong><mark style=\"background-color:rgba(0, 0, 0, 0);color:#006816\" class=\"has-inline-color\">una Nueva Constituci\u00f3n, redactada por el pueblo y para el pueblo<\/mark>.<\/strong><\/p>\n\n\n\n<p>Solo un <strong><mark style=\"background-color:rgba(0, 0, 0, 0);color:#006816\" class=\"has-inline-color\">proceso constituyente originario<\/mark><\/strong>, con participaci\u00f3n amplia, representativa, democr\u00e1tica y libre de los partidos tradicionales, puede garantizar:<\/p>\n\n\n\n<ul class=\"wp-block-list\">\n<li>Un sistema realmente representativo, donde la ciudadan\u00eda tenga la posibilidad de participaci\u00f3n<\/li>\n\n\n\n<li>Mecanismos reales de participaci\u00f3n y control ciudadano sobre los cargos electos<\/li>\n\n\n\n<li>Una justicia social constitucionalizada, donde la desigualdad quede en la historia<\/li>\n\n\n\n<li>La independencia efectiva de los poderes p\u00fablicos, elegidos y controlados por la ciudadan\u00eda<\/li>\n\n\n\n<li>Y un modelo econ\u00f3mico al servicio del bienestar colectivo<\/li>\n<\/ul>\n\n\n\n<p><strong>Hoy m\u00e1s que nunca, urge una ciudadan\u00eda que piense, cuestione y act\u00fae <\/strong><strong>en unidad<\/strong><strong>.<\/strong><br>Porque si permitimos que la democracia siga siendo <strong>el capricho de unos pocos<\/strong>, seguiremos pagando con sacrificios, desigualdad y desesperanza el precio de su comodidad.<\/p>\n","protected":false},"excerpt":{"rendered":"<p>Por Cristian Nieto Guerra \u2013 Docente universitario Descargar art\u00edculo En teor\u00eda, la democracia es el sistema donde el poder reside en el pueblo. En la pr\u00e1ctica paname\u00f1a, sin embargo, este ideal parece haberse distorsionado hasta convertirse en una contradicci\u00f3n: una democracia que funciona como privilegio de \u00e9lites y opresi\u00f3n para la gran mayor\u00edas de la [&hellip;]<\/p>\n","protected":false},"author":1,"featured_media":3658,"comment_status":"open","ping_status":"open","sticky":false,"template":"","format":"standard","meta":{"_editorskit_title_hidden":false,"_editorskit_reading_time":0,"_editorskit_is_block_options_detached":false,"_editorskit_block_options_position":"{}","jetpack_post_was_ever_published":false,"_jetpack_newsletter_access":"","_jetpack_dont_email_post_to_subs":false,"_jetpack_newsletter_tier_id":0,"_jetpack_memberships_contains_paywalled_content":false,"_jetpack_memberships_contains_paid_content":false,"footnotes":"","jetpack_publicize_message":"","jetpack_publicize_feature_enabled":true,"jetpack_social_post_already_shared":true,"jetpack_social_options":{"image_generator_settings":{"template":"highway","default_image_id":0,"font":"","enabled":false},"version":2}},"categories":[1],"tags":[],"class_list":["post-3657","post","type-post","status-publish","format-standard","has-post-thumbnail","hentry","category-noticias"],"jetpack_publicize_connections":[],"jetpack_featured_media_url":"https:\/\/i0.wp.com\/cuconstituyente.com\/wp-content\/uploads\/2025\/05\/democraciaCaprichoPocosPerjuicioMuchos1.jpg?fit=600%2C600&ssl=1","jetpack_sharing_enabled":true,"jetpack_likes_enabled":true,"_links":{"self":[{"href":"https:\/\/cuconstituyente.com\/index.php\/wp-json\/wp\/v2\/posts\/3657","targetHints":{"allow":["GET"]}}],"collection":[{"href":"https:\/\/cuconstituyente.com\/index.php\/wp-json\/wp\/v2\/posts"}],"about":[{"href":"https:\/\/cuconstituyente.com\/index.php\/wp-json\/wp\/v2\/types\/post"}],"author":[{"embeddable":true,"href":"https:\/\/cuconstituyente.com\/index.php\/wp-json\/wp\/v2\/users\/1"}],"replies":[{"embeddable":true,"href":"https:\/\/cuconstituyente.com\/index.php\/wp-json\/wp\/v2\/comments?post=3657"}],"version-history":[{"count":1,"href":"https:\/\/cuconstituyente.com\/index.php\/wp-json\/wp\/v2\/posts\/3657\/revisions"}],"predecessor-version":[{"id":3661,"href":"https:\/\/cuconstituyente.com\/index.php\/wp-json\/wp\/v2\/posts\/3657\/revisions\/3661"}],"wp:featuredmedia":[{"embeddable":true,"href":"https:\/\/cuconstituyente.com\/index.php\/wp-json\/wp\/v2\/media\/3658"}],"wp:attachment":[{"href":"https:\/\/cuconstituyente.com\/index.php\/wp-json\/wp\/v2\/media?parent=3657"}],"wp:term":[{"taxonomy":"category","embeddable":true,"href":"https:\/\/cuconstituyente.com\/index.php\/wp-json\/wp\/v2\/categories?post=3657"},{"taxonomy":"post_tag","embeddable":true,"href":"https:\/\/cuconstituyente.com\/index.php\/wp-json\/wp\/v2\/tags?post=3657"}],"curies":[{"name":"wp","href":"https:\/\/api.w.org\/{rel}","templated":true}]}}