{"id":3752,"date":"2025-06-12T10:37:04","date_gmt":"2025-06-12T15:37:04","guid":{"rendered":"https:\/\/cuconstituyente.com\/?p=3752"},"modified":"2025-06-12T10:37:05","modified_gmt":"2025-06-12T15:37:05","slug":"la-up-en-ruinas-entre-facinerosos-y-autoridades-ausentes","status":"publish","type":"post","link":"https:\/\/cuconstituyente.com\/index.php\/2025\/06\/12\/la-up-en-ruinas-entre-facinerosos-y-autoridades-ausentes\/","title":{"rendered":"La UP en Ruinas: Entre Facinerosos y Autoridades Ausentes"},"content":{"rendered":"\n<p>Por: <strong>Jayro Garc\u00eda<\/strong> &#8211; Estudiante de derecho de la UP<\/p>\n\n\n\n<h5 class=\"wp-block-heading\">I. Cuando callar es complicidad: la omisi\u00f3n de nuestras autoridades<\/h5>\n\n\n\n<p>La Universidad de Panam\u00e1 se encuentra hoy secuestrada. No por fuerzas externas, sino por el desgobierno interno que ha permitido que grupos violentos, que bien podr\u00edan llamarse \u201cterroristas de la educaci\u00f3n\u201d, como los denomin\u00f3 con tino un respetado profesor de Derecho Romano, impongan su voluntad sobre la voluntad de la mayor\u00eda.<\/p>\n\n\n\n<!--more-->\n<!--noteaser-->\n\n\n\n<p>Por: <strong>Jayro Garc\u00eda<\/strong> &#8211; Estudiante de derecho de la UP<\/p>\n\n\n\n<h5 class=\"wp-block-heading\">I. Cuando callar es complicidad: la omisi\u00f3n de nuestras autoridades<\/h5>\n\n\n\n<p>La Universidad de Panam\u00e1 se encuentra hoy secuestrada. No por fuerzas externas, sino por el desgobierno interno que ha permitido que grupos violentos, que bien podr\u00edan llamarse \u201cterroristas de la educaci\u00f3n\u201d, como los denomin\u00f3 con tino un respetado profesor de Derecho Romano, impongan su voluntad sobre la voluntad de la mayor\u00eda.<br>La Rector\u00eda, Decanatos y dem\u00e1s autoridades universitarias han incumplido sus funciones establecidas en el art\u00edculo 30 de la Ley 24, Organica de La Univerdiad de Panam\u00e1, que obliga al rector a \u201cmantener el orden y el normal funcionamiento de la Universidad\u201d, y han fallado en aplicar el r\u00e9gimen disciplinario previsto en el art\u00edculo 63.<br>El silencio, la inacci\u00f3n y, en algunos casos, el respaldo indirecto, equivalen a una complicidad institucional que violenta el Estatuto Universitario (Art. 7 y Art. 9) al no garantizar la seguridad y el respeto a los derechos fundamentales de quienes s\u00ed queremos estudiar, formarnos y aportar con criterio al pa\u00eds.<\/p>\n\n\n\n<h5 class=\"wp-block-heading\">II. Centros que no tienen al estudiante como centro: la farsa de un supuesto discurso defensor<\/h5>\n\n\n\n<p>Los denominados \u201ccentros de estudiantes\u201d, lejos de representar nuestros intereses, como lo establece el art\u00edculo 85 del Estatuto Universitario, han adoptado comportamientos m\u00e1s propios de aparatos pol\u00edticos clientelistas, una fiel copia de Asamblea Legislativa, que supondr\u00edan una defensa a nuestros intereses, negocean al mejor postor del momento para satisfacer prop\u00f3sitos individuales. El doble discurso es evidente: exigen derechos, pero bloquean aulas; denuncian opresi\u00f3n, pero practican la coacci\u00f3n y el vandalismo.<br>Mientras la Universidad literalmente se cae a pedazos, y no sabr\u00eda decir si peor a\u00fan, pero sin contar con el l\u00edquido vital continuo en los recintos, estos grupos se ocupan de paralizar clases, pintar consignas y cerrar recintos, sin gestionar mejoras reales para sus representados. \u00bfD\u00f3nde est\u00e1n cuando hay pasillos con goteras poniendo en riesgo la integridad de estudiantes, administrativos e invitados, salones desactualizados o docentes que faltan el respeto o incumplen con los horarios establecidos? \u00bfD\u00f3nde est\u00e1n cuando se despilfarran recursos?<br>No representan la educaci\u00f3n cr\u00edtica ni la cultura de paz establecida en el art\u00edculo 9 del Estatuto Universitario, sino una maquinaria de intereses personales, de poder interno, y de retaliaciones disfrazadas de lucha social. El art\u00edculo 43 se\u00f1ala que los estudiantes deben propiciar el respeto y la armon\u00eda. Ellos, simplemente, no lo cumplen.<\/p>\n\n\n\n<h5 class=\"wp-block-heading\">III. El Estado reprime, pero no soluciona: el ataque con gas y la justicia fallida.<\/h5>\n\n\n\n<p>Como si la permisividad interna no fuera suficiente, el Estado, a trav\u00e9s de su brazo represivo, ha decidido \u201cintervenir\u201d con gases t\u00f3xicos a los recintos universitarios, tal como ha estado ocurriendo en el recinto Carlos Iv\u00e1n Z\u00fa\u00f1iga. Esta acci\u00f3n, adem\u00e1s de irrespetar la inviolabilidad universitaria consagrada en el art\u00edculo 99 de la Constituci\u00f3n y el art\u00edculo 6 del Estatuto, fue ejecutada sin distinguir entre quienes \u201cprotestaban\u201d violentamente, encapuchados y con piedras y palos, y quienes solo queremos estudiar.<br>Lo m\u00e1s grave: no se ha hecho justicia. A quienes causan da\u00f1os o no se atrapa o peor a\u00fan, se les deja libres por deficiencias del Ministerio P\u00fablico, y no existe rendici\u00f3n de cuentas ni del rector ni de las autoridades de seguridad.<br>Esto no solo infringe el art\u00edculo 17 de la Constituci\u00f3n, que obliga a las autoridades a proteger a los ciudadanos, sino tambi\u00e9n el principio b\u00e1sico de que \u201cla autonom\u00eda no es impunidad\u201d. Y hoy, los que creemos en una Universidad libre, abierta, responsable y acad\u00e9micamente rigurosa, estamos siendo reprimidos por dentro y por fuera.<\/p>\n\n\n\n<p><strong>EXIGIMOS:<\/strong><\/p>\n\n\n\n<ol class=\"wp-block-list\">\n<li>La aplicaci\u00f3n inmediata del r\u00e9gimen disciplinario a quienes cierren recintos con violencia.<\/li>\n\n\n\n<li>\u2060El retorno a clases presenciales, las cuales fueron suspendidas hoy 11 de junio del 2025 injustificadamente.<\/li>\n\n\n\n<li>Una postura clara del Rector frente a los abusos internos y externos.<\/li>\n\n\n\n<li>Respeto irrestricto al derecho a la educaci\u00f3n y al principio de autonom\u00eda sin permisividad.<\/li>\n<\/ol>\n\n\n\n<p>La Universidad es del pueblo paname\u00f1o. No de los que gritan m\u00e1s fuerte ni de los que se esconden en el poder.<\/p>\n\n\n\n<p>La Universidad necesita orden, verdad y acci\u00f3n. Y la vamos a defender, aunque tengamos que hacerlo sin quienes fueron elegidos para hacerlo.<\/p>\n","protected":false},"excerpt":{"rendered":"<p>Por: Jayro Garc\u00eda &#8211; Estudiante de derecho de la UP I. Cuando callar es complicidad: la omisi\u00f3n de nuestras autoridades La Universidad de Panam\u00e1 se encuentra hoy secuestrada. No por fuerzas externas, sino por el desgobierno interno que ha permitido que grupos violentos, que bien podr\u00edan llamarse \u201cterroristas de la educaci\u00f3n\u201d, como los denomin\u00f3 con [&hellip;]<\/p>\n","protected":false},"author":1,"featured_media":3753,"comment_status":"open","ping_status":"open","sticky":false,"template":"","format":"standard","meta":{"_editorskit_title_hidden":false,"_editorskit_reading_time":0,"_editorskit_is_block_options_detached":false,"_editorskit_block_options_position":"{}","jetpack_post_was_ever_published":false,"_jetpack_newsletter_access":"","_jetpack_dont_email_post_to_subs":false,"_jetpack_newsletter_tier_id":0,"_jetpack_memberships_contains_paywalled_content":false,"_jetpack_memberships_contains_paid_content":false,"footnotes":"","jetpack_publicize_message":"","jetpack_publicize_feature_enabled":true,"jetpack_social_post_already_shared":true,"jetpack_social_options":{"image_generator_settings":{"template":"highway","default_image_id":0,"font":"","enabled":false},"version":2}},"categories":[1,8],"tags":[],"class_list":["post-3752","post","type-post","status-publish","format-standard","has-post-thumbnail","hentry","category-noticias","category-opinion"],"jetpack_publicize_connections":[],"jetpack_featured_media_url":"https:\/\/i0.wp.com\/cuconstituyente.com\/wp-content\/uploads\/2025\/06\/laUPenRuinas.jpg?fit=700%2C467&ssl=1","jetpack_sharing_enabled":true,"jetpack_likes_enabled":true,"_links":{"self":[{"href":"https:\/\/cuconstituyente.com\/index.php\/wp-json\/wp\/v2\/posts\/3752","targetHints":{"allow":["GET"]}}],"collection":[{"href":"https:\/\/cuconstituyente.com\/index.php\/wp-json\/wp\/v2\/posts"}],"about":[{"href":"https:\/\/cuconstituyente.com\/index.php\/wp-json\/wp\/v2\/types\/post"}],"author":[{"embeddable":true,"href":"https:\/\/cuconstituyente.com\/index.php\/wp-json\/wp\/v2\/users\/1"}],"replies":[{"embeddable":true,"href":"https:\/\/cuconstituyente.com\/index.php\/wp-json\/wp\/v2\/comments?post=3752"}],"version-history":[{"count":1,"href":"https:\/\/cuconstituyente.com\/index.php\/wp-json\/wp\/v2\/posts\/3752\/revisions"}],"predecessor-version":[{"id":3754,"href":"https:\/\/cuconstituyente.com\/index.php\/wp-json\/wp\/v2\/posts\/3752\/revisions\/3754"}],"wp:featuredmedia":[{"embeddable":true,"href":"https:\/\/cuconstituyente.com\/index.php\/wp-json\/wp\/v2\/media\/3753"}],"wp:attachment":[{"href":"https:\/\/cuconstituyente.com\/index.php\/wp-json\/wp\/v2\/media?parent=3752"}],"wp:term":[{"taxonomy":"category","embeddable":true,"href":"https:\/\/cuconstituyente.com\/index.php\/wp-json\/wp\/v2\/categories?post=3752"},{"taxonomy":"post_tag","embeddable":true,"href":"https:\/\/cuconstituyente.com\/index.php\/wp-json\/wp\/v2\/tags?post=3752"}],"curies":[{"name":"wp","href":"https:\/\/api.w.org\/{rel}","templated":true}]}}