{"id":3778,"date":"2025-06-16T15:49:22","date_gmt":"2025-06-16T20:49:22","guid":{"rendered":"https:\/\/cuconstituyente.com\/?p=3778"},"modified":"2025-06-16T15:53:23","modified_gmt":"2025-06-16T20:53:23","slug":"seis-meses-de-alfabetizacion-constitucional","status":"publish","type":"post","link":"https:\/\/cuconstituyente.com\/index.php\/2025\/06\/16\/seis-meses-de-alfabetizacion-constitucional\/","title":{"rendered":"Seis meses de alfabetizaci\u00f3n constitucional"},"content":{"rendered":"\n<p>Por: <strong>Miguel Antonio Bernal V<\/strong>. &#8211; Catedr\u00e1tico universitario<\/p>\n\n\n\n<p>Desde la declaraci\u00f3n del 2025, como el a\u00f1o de la Alfabetizaci\u00f3n Constitucional, fase necesaria para el desarrollo del Proceso Constituyente hacia una nueva Constituci\u00f3n, el peque\u00f1o equipo de la Secretar\u00eda Presidencial para la Reorganizaci\u00f3n del Estado y Asuntos Constitucionales, (SEPRESAC), ha estado cumpliendo con \u201c<strong><em>el prop\u00f3sito central de preparar a la ciudadan\u00eda para protagonizarse activamente y con conocimiento en el Proceso Constituyente Originario, que definir\u00e1 un nuevo pacto social<\/em><\/strong>\u201d.<\/p>\n\n\n\n<!--more-->\n\n\n\n<p>Desde el pasado mes de enero, se han llevado a cabo m\u00faltiples actividades para el di\u00e1logo, el debate, la reflexi\u00f3n, el an\u00e1lisis y la propuesta de un nuevo contrato social con principios, valores, instituciones e instrumentos actualizados que den respuesta efectiva a los requerimientos de los ciudadanos paname\u00f1os de hoy y de ma\u00f1ana. El objetivo de <strong>llenar el requerimiento de ciudadanos activos, que sean los verdaderos autores y arquitectos de la nueva Constituci\u00f3n<\/strong>, de la nueva rep\u00fablica y de la nueva democracia que nos toca construir, se ha venido cumpliendo sin prisa, pero sin pausa. Tambi\u00e9n, con dificultades de distinta naturaleza, propia del entorno en el que la mayor\u00eda de la poblaci\u00f3n desconoce sus derechos y deberes.<\/p>\n\n\n\n<p>Se han realizado, con pronunciada asistencia ciudadana, Talleres de Alfabetizaci\u00f3n Constitucional, \u2014con lleno completo\u2014 en el auditorio de la Facultad de Ciencias de la Educaci\u00f3n de la Universidad de Panam\u00e1.<\/p>\n\n\n\n<p>Tambi\u00e9n se han realizado charlas, conferencias y talleres con: la Conferencia Episcopal, Cuerpo Diplom\u00e1tico y Organismos Internacionales acreditados en Panam\u00e1, el Ministerio de Seguridad (Minseg), el Servicio Nacional de Migraci\u00f3n (SNM), el Ministerio de Trabajo y Desarrollo Laboral (Mitradel), el Ministerio de Ambiente (MiAmbiente), la Agencia Paname\u00f1a de Alimentos (APA), Ministerio de Desarrollo Social (MIDES), Contralor\u00eda General de la Rep\u00fablica (CGR), Procuradur\u00eda de la Administraci\u00f3n, Direcci\u00f3n General de Ingresos (DGI) del Ministerio de Econom\u00eda y Finanzas, ISAE Universidad, Universidad Latina, Universidad Interamericana de Panam\u00e1, C\u00e1mara de Comercio Industrias y Agricultura de Panam\u00e1 (CCIAP), Asociaci\u00f3n Paname\u00f1a de Ejecutivos de Empresa (APEDE), la C\u00e1mara Paname\u00f1a de la Construcci\u00f3n (CAPAC), Cabildos abiertos en \u2018La Heroica\u2019 Villa de Los Santos, Las Tablas, Las Minas, Santiago, Macaracas, Tonos\u00ed, adem\u00e1s de entrevistas con La Estrella de Panam\u00e1, Metro Libre, SerTV, Hossana Visi\u00f3n, Radio Anc\u00f3n, RPC, Radio Reforma, Radio Panam\u00e1, La Exitosa, as\u00ed como art\u00edculos en El Siglo, La Estrella de Panam\u00e1, Panam\u00e1 Hoy.<\/p>\n\n\n\n<p>La alfabetizaci\u00f3n constitucional contribuye, as\u00ed, a cohesionar nuestra sociedad y fortalecer nuestra identidad nacional, hacia un nuevo pacto social, que deje atr\u00e1s el atraso que arrastramos por m\u00e1s de medio siglo, producto del Estatuto Constitucional impuesto desde 1972.<\/p>\n\n\n\n<p><strong>Fuente:<\/strong> <a href=\"https:\/\/www.laestrella.com.pa\/opinion\/columnistas\/seis-meses-de-alfabetizacion-constitucional-HD13672746\">El Siglo<\/a><\/p>\n","protected":false},"excerpt":{"rendered":"<p>Por: Miguel Antonio Bernal V. &#8211; Catedr\u00e1tico universitario Desde la declaraci\u00f3n del 2025, como el a\u00f1o de la Alfabetizaci\u00f3n Constitucional, fase necesaria para el desarrollo del Proceso Constituyente hacia una nueva Constituci\u00f3n, el peque\u00f1o equipo de la Secretar\u00eda Presidencial para la Reorganizaci\u00f3n del Estado y Asuntos Constitucionales, (SEPRESAC), ha estado cumpliendo con \u201cel prop\u00f3sito central [&hellip;]<\/p>\n","protected":false},"author":1,"featured_media":3780,"comment_status":"open","ping_status":"open","sticky":false,"template":"","format":"standard","meta":{"_editorskit_title_hidden":false,"_editorskit_reading_time":0,"_editorskit_is_block_options_detached":false,"_editorskit_block_options_position":"{}","jetpack_post_was_ever_published":false,"_jetpack_newsletter_access":"","_jetpack_dont_email_post_to_subs":false,"_jetpack_newsletter_tier_id":0,"_jetpack_memberships_contains_paywalled_content":false,"_jetpack_memberships_contains_paid_content":false,"footnotes":"","jetpack_publicize_message":"","jetpack_publicize_feature_enabled":true,"jetpack_social_post_already_shared":true,"jetpack_social_options":{"image_generator_settings":{"template":"highway","default_image_id":0,"font":"","enabled":false},"version":2}},"categories":[1],"tags":[],"class_list":["post-3778","post","type-post","status-publish","format-standard","has-post-thumbnail","hentry","category-noticias"],"jetpack_publicize_connections":[],"jetpack_featured_media_url":"https:\/\/i0.wp.com\/cuconstituyente.com\/wp-content\/uploads\/2025\/06\/alfabetizacion6Mes.jpg?fit=700%2C467&ssl=1","jetpack_sharing_enabled":true,"jetpack_likes_enabled":true,"_links":{"self":[{"href":"https:\/\/cuconstituyente.com\/index.php\/wp-json\/wp\/v2\/posts\/3778","targetHints":{"allow":["GET"]}}],"collection":[{"href":"https:\/\/cuconstituyente.com\/index.php\/wp-json\/wp\/v2\/posts"}],"about":[{"href":"https:\/\/cuconstituyente.com\/index.php\/wp-json\/wp\/v2\/types\/post"}],"author":[{"embeddable":true,"href":"https:\/\/cuconstituyente.com\/index.php\/wp-json\/wp\/v2\/users\/1"}],"replies":[{"embeddable":true,"href":"https:\/\/cuconstituyente.com\/index.php\/wp-json\/wp\/v2\/comments?post=3778"}],"version-history":[{"count":1,"href":"https:\/\/cuconstituyente.com\/index.php\/wp-json\/wp\/v2\/posts\/3778\/revisions"}],"predecessor-version":[{"id":3779,"href":"https:\/\/cuconstituyente.com\/index.php\/wp-json\/wp\/v2\/posts\/3778\/revisions\/3779"}],"wp:featuredmedia":[{"embeddable":true,"href":"https:\/\/cuconstituyente.com\/index.php\/wp-json\/wp\/v2\/media\/3780"}],"wp:attachment":[{"href":"https:\/\/cuconstituyente.com\/index.php\/wp-json\/wp\/v2\/media?parent=3778"}],"wp:term":[{"taxonomy":"category","embeddable":true,"href":"https:\/\/cuconstituyente.com\/index.php\/wp-json\/wp\/v2\/categories?post=3778"},{"taxonomy":"post_tag","embeddable":true,"href":"https:\/\/cuconstituyente.com\/index.php\/wp-json\/wp\/v2\/tags?post=3778"}],"curies":[{"name":"wp","href":"https:\/\/api.w.org\/{rel}","templated":true}]}}