{"id":416,"date":"2021-04-03T08:10:16","date_gmt":"2021-04-03T13:10:16","guid":{"rendered":"https:\/\/cuconstituyente.com\/?p=416"},"modified":"2021-04-03T08:10:18","modified_gmt":"2021-04-03T13:10:18","slug":"solidaridad-vs-covid-19","status":"publish","type":"post","link":"https:\/\/cuconstituyente.com\/index.php\/2021\/04\/03\/solidaridad-vs-covid-19\/","title":{"rendered":"Solidaridad vs COVID-19"},"content":{"rendered":"\n<h5 class=\"wp-block-heading\">\u00bfO ser\u00e1 solidaridad la del Gobierno y los importadores de alimentos con los productores del sector agropecuario?, \u00bfO la de las escuelas privadas con los padres de familia?, \u00bfO ser\u00e1 que la presunta solidaridad perder\u00eda sentido si se sancionan las leyes de moratoria?<\/h5>\n\n\n\n<!--more-->\n\n\n\n<p class=\"has-text-align-justify\" id=\"m46-45-47\">La Real Academia de la Lengua Espa\u00f1ola define el t\u00e9rmino <strong>solidaridad<\/strong> como la adhesi\u00f3n circunstancial a la causa o a la empresa de otros. Actualmente, frente a la crisis sanitaria relacionada con el COVID-19, la administraci\u00f3n opt\u00f3 por la solidaridad como el mejor recurso para, unidos, \u201cganar la guerra\u201d. Hace varios lustros, el vocero de una congregaci\u00f3n religiosa me entreg\u00f3 una alcanc\u00eda rotulada \u201csin caridad no hay paz\u201d, lema de campa\u00f1a de su organizaci\u00f3n eclesial, para recaudar fondos, que destinar\u00eda a la asistencia social\u2026 \u201c<strong><em>Disculpe, le dije, reh\u00faso apoyar una campa\u00f1a cuyo lema contradice el objetivo propuesto; en el mundo no hay paz, entre otras razones, porque los c\u00f3mplices y beneficiarios del modelo econ\u00f3mico imperante promueven la caridad; que es el reverso de la justicia, como dijera Galeano<\/em><\/strong>\u201d. Usted, mejor que yo, recordar\u00e1 que Jes\u00fas dijo: \u201cla obra de la justicia ser\u00e1 paz\u201d. Y es que, de haber justicia, no habr\u00eda caridad en el mundo, pero como el modelo econ\u00f3mico vigente se sostiene sobre el ego\u00edsmo, expresado en la codicia y en el af\u00e1n de lucro, recurren al disfraz de la caridad, por eso dan parte de lo que les sobra, o de aquello de lo cual pueden prescindir. Interpretaci\u00f3n distorsionada que explica por qu\u00e9, sobre la base de un supuesto altruismo, se crean instituciones de beneficencia. Galeano, tambi\u00e9n advirti\u00f3: \u201ca diferencia de la solidaridad, que es horizontal e implica respeto mutuo, la caridad se practica de arriba hacia abajo, humilla a quien la recibe\u201d.<\/p>\n\n\n\n<p class=\"has-text-align-justify\" id=\"m51-50-52\">Hace poco, una periodista le pregunt\u00f3 a un peat\u00f3n: \u00bfpor qu\u00e9 no se qued\u00f3 en su casa?; sabe el riesgo de contraer una enfermedad mortal o ir preso?&#8230; \u201c<strong>yo no tengo casa<\/strong>, pago alquiler<strong> y si no salgo a buscar<\/strong>, aunque sea para la comida, <strong>nos morimos de hambre<\/strong>, tengo mujer y tres hijos y <strong>no tengo trabajo<\/strong>\u201d. Antes de iniciar la crisis, el 45 % de la poblaci\u00f3n en capacidad de trabajar, estaba en el sector informal de la econom\u00eda, y el desempleo era del 7 %, o sea, que esta era la realidad para uno de cada dos paname\u00f1os. Adem\u00e1s, el poder econ\u00f3mico, a trav\u00e9s de los medios de comunicaci\u00f3n, estigmatiza a las organizaciones sindicales y la lucha de los obreros por mejoras en la seguridad laboral o por ajustes salariales, imprescindibles para compensar la disparidad frente al constante aumento del costo de la vida. Y los gremios, sistem\u00e1ticamente, son <strong>cooptados<\/strong> por los Gobiernos \u201cdemocr\u00e1ticos\u201d, por ello carecen de autoridad y de convocatoria. El que hoy, al <strong>personal de salud<\/strong>, que expone su vida, le <strong>llamen h\u00e9roes o \u00e1ngeles<\/strong>, es resultado de la <strong>manipulaci\u00f3n medi\u00e1tica<\/strong>; en el primer reclamo por mejoras al sistema sanitario o por salarios, los vuelvan a convertir en peseteros, inhumanos o mafia blanca. La educaci\u00f3n, la salud p\u00fablica, la Caja de Seguro Social y la mayor\u00eda absoluta de los servicios p\u00fablicos son una calamidad, como resultado de las medidas impuestas por gobernantes coludidos con el capital financiero internacional. Justicia es mucho m\u00e1s que condenar a quince a\u00f1os de prisi\u00f3n a quienes roban una bolsa de arroz o unas latas de at\u00fan y mientras tanto, ni siquiera voltean a ver a los que saquearon y contin\u00faan saqueando y despilfarrando los recursos p\u00fablicos.<\/p>\n\n\n\n<p class=\"has-text-align-justify\" id=\"m56-55-57\">La solidaridad se fundamenta en la justicia, por eso es imposible sin rendici\u00f3n de cuentas o en medio de flagrante impunidad, el reto es generar los cambios que permitan eliminar, que no atenuar, y menos a\u00fan, disfrazar, los factores que traducen las profundas desigualdades, entre los pocos que acumulan excesos y los muchos que acumulan privaciones. El cambio implica el mejoramiento integral de las condiciones del conjunto de la sociedad, no como podr\u00eda estar ocurriendo ahora con el plan del \u201c<strong>Panam\u00e1 solidario<\/strong>\u201d, en el que el <strong>Gobierno favorece a quienes concentran el poder econ\u00f3mico<\/strong>, a expensas de la clase media y de los sectores m\u00e1s necesitados, como si el prop\u00f3sito fuera sacrificar a la mayor\u00eda para que las grandes empresas mantengan sus niveles de ganancias. Y todo ello, sin preocuparse, en lo absoluto, por sustituir lo evadido y lo sustra\u00eddo, porque simplemente piden m\u00e1s dinero; a escasos<strong> <span style=\"color:#a31600\" class=\"has-inline-color\">dieciocho meses<\/span><\/strong> de gesti\u00f3n, \u00a1ya han aumentado la <strong><span style=\"color:#a31600\" class=\"has-inline-color\">deuda p\u00fablica en casi 9800 millones de d\u00f3lares<\/span><\/strong>!, y sueltan la migaja de 50 millones en bonos, algunos negociados por la banca privada. <strong><span style=\"color:#a31600\" class=\"has-inline-color\">Les importa un bledo que sus acciones implique hipotecar el futuro de varias generaciones<\/span><\/strong>; como si no entendieran que la equidad social es imposible, porque se sustenta sobre la iniquidad del modelo econ\u00f3mico, falta decoro y entereza, para reconocer las profundas desigualdades existentes y coraje para trabajar a favor de un cambio real, que partiendo de la identificaci\u00f3n de las causas, permita construir una sociedad centrada en el bienestar del ser humano; como bien concluyera Bertolt Brecht: \u201c<strong><em>El que no conoce la verdad es simplemente un ignorante, pero el que la conoce y la llama mentira, ese es un criminal<\/em><\/strong>\u201d. As\u00ed las cosas, no deber\u00eda sorprender que palabras como justicia, y solidaridad suenen a blasfemia, y aunque el poder econ\u00f3mico, usurario e insensible disfrace u oculte sus verdaderos prop\u00f3sitos, siempre es posible advertirlos; como evidencia la intenci\u00f3n de cobrar inter\u00e9s sobre intereses, la autorregulaci\u00f3n de la banca, etc. \u00bfO ser\u00e1 solidaridad la del Gobierno y los importadores de alimentos con los productores del sector agropecuario?, \u00bfO la de las escuelas privadas con los padres de familia?, \u00bfO ser\u00e1 que la presunta solidaridad perder\u00eda sentido si se sancionan las leyes de moratoria? <strong>\u00bfUsted qu\u00e9 opina?<\/strong><\/p>\n\n\n\n<p>Autor: <strong>Leopoldo E. Santamar\u00eda<\/strong><br>Profesi\u00f3n: <strong>M\u00e9dico<\/strong><\/p>\n","protected":false},"excerpt":{"rendered":"<p>\u00bfO ser\u00e1 solidaridad la del Gobierno y los importadores de alimentos con los productores del sector agropecuario?, \u00bfO la de las escuelas privadas con los padres de familia?, \u00bfO ser\u00e1 que la presunta solidaridad perder\u00eda sentido si se sancionan las leyes de moratoria?<\/p>\n","protected":false},"author":1,"featured_media":302,"comment_status":"open","ping_status":"open","sticky":false,"template":"","format":"standard","meta":{"_editorskit_title_hidden":false,"_editorskit_reading_time":0,"_editorskit_is_block_options_detached":false,"_editorskit_block_options_position":"{}","jetpack_post_was_ever_published":false,"_jetpack_newsletter_access":"","_jetpack_dont_email_post_to_subs":false,"_jetpack_newsletter_tier_id":0,"_jetpack_memberships_contains_paywalled_content":false,"_jetpack_memberships_contains_paid_content":false,"footnotes":"","jetpack_publicize_message":"","jetpack_publicize_feature_enabled":true,"jetpack_social_post_already_shared":true,"jetpack_social_options":{"image_generator_settings":{"template":"highway","default_image_id":0,"font":"","enabled":false},"version":2}},"categories":[8],"tags":[],"class_list":["post-416","post","type-post","status-publish","format-standard","has-post-thumbnail","hentry","category-opinion"],"jetpack_publicize_connections":[],"jetpack_featured_media_url":"https:\/\/i0.wp.com\/cuconstituyente.com\/wp-content\/uploads\/2021\/02\/leopodoSantamaria.jpg?fit=594%2C295&ssl=1","jetpack_sharing_enabled":true,"jetpack_likes_enabled":true,"_links":{"self":[{"href":"https:\/\/cuconstituyente.com\/index.php\/wp-json\/wp\/v2\/posts\/416","targetHints":{"allow":["GET"]}}],"collection":[{"href":"https:\/\/cuconstituyente.com\/index.php\/wp-json\/wp\/v2\/posts"}],"about":[{"href":"https:\/\/cuconstituyente.com\/index.php\/wp-json\/wp\/v2\/types\/post"}],"author":[{"embeddable":true,"href":"https:\/\/cuconstituyente.com\/index.php\/wp-json\/wp\/v2\/users\/1"}],"replies":[{"embeddable":true,"href":"https:\/\/cuconstituyente.com\/index.php\/wp-json\/wp\/v2\/comments?post=416"}],"version-history":[{"count":2,"href":"https:\/\/cuconstituyente.com\/index.php\/wp-json\/wp\/v2\/posts\/416\/revisions"}],"predecessor-version":[{"id":421,"href":"https:\/\/cuconstituyente.com\/index.php\/wp-json\/wp\/v2\/posts\/416\/revisions\/421"}],"wp:featuredmedia":[{"embeddable":true,"href":"https:\/\/cuconstituyente.com\/index.php\/wp-json\/wp\/v2\/media\/302"}],"wp:attachment":[{"href":"https:\/\/cuconstituyente.com\/index.php\/wp-json\/wp\/v2\/media?parent=416"}],"wp:term":[{"taxonomy":"category","embeddable":true,"href":"https:\/\/cuconstituyente.com\/index.php\/wp-json\/wp\/v2\/categories?post=416"},{"taxonomy":"post_tag","embeddable":true,"href":"https:\/\/cuconstituyente.com\/index.php\/wp-json\/wp\/v2\/tags?post=416"}],"curies":[{"name":"wp","href":"https:\/\/api.w.org\/{rel}","templated":true}]}}