{"id":4364,"date":"2025-09-02T00:56:36","date_gmt":"2025-09-02T05:56:36","guid":{"rendered":"https:\/\/cuconstituyente.com\/?p=4364"},"modified":"2025-09-02T00:57:45","modified_gmt":"2025-09-02T05:57:45","slug":"la-constitucion-actual-es-una-camisa-de-fuerza-que-no-deja-avanzar","status":"publish","type":"post","link":"https:\/\/cuconstituyente.com\/index.php\/2025\/09\/02\/la-constitucion-actual-es-una-camisa-de-fuerza-que-no-deja-avanzar\/","title":{"rendered":"La Constituci\u00f3n actual es una camisa de fuerza que no deja avanzar"},"content":{"rendered":"\n<p>Miguel Antonio Bernal insiste en que el pa\u00eds necesita una constituyente originaria, no una paralela, y que la ciudadan\u00eda debe ser protagonista del cambio.<\/p>\n\n\n\n<!--more-->\n\n\n\n<figure class=\"wp-block-embed is-type-video is-provider-youtube wp-block-embed-youtube wp-embed-aspect-16-9 wp-has-aspect-ratio\"><div class=\"wp-block-embed__wrapper\">\n<iframe loading=\"lazy\" title=\"Panam\u00e1 frente al proceso constituyente  |#EnContexto\" width=\"580\" height=\"326\" src=\"https:\/\/www.youtube.com\/embed\/tuuVeNgtXj8?feature=oembed\" frameborder=\"0\" allow=\"accelerometer; autoplay; clipboard-write; encrypted-media; gyroscope; picture-in-picture; web-share\" referrerpolicy=\"strict-origin-when-cross-origin\" allowfullscreen><\/iframe>\n<\/div><\/figure>\n\n\n\n<p>El abogado y constitucionalista Miguel Antonio Bernal, coordinador de la Secretar\u00eda para el Proceso Constituyente hacia una Asamblea Constituyente (SEPRESAC), asegur\u00f3 que Panam\u00e1 vive atrapado en una \u201ccamisa de fuerza\u201d llamada Constituci\u00f3n de 1972. Un texto que, seg\u00fan \u00e9l, fue impuesto durante la dictadura militar y que, pese a m\u00faltiples reformas, mantiene su esencia autoritaria.<\/p>\n\n\n\n<p>Bernal explic\u00f3 que la primera fase de este proceso, bautizada como \u201ca\u00f1o de alfabetizaci\u00f3n constitucional\u201d (2025), busca despertar el inter\u00e9s ciudadano a trav\u00e9s de charlas, talleres, cabildos y conferencias.<\/p>\n\n\n\n<blockquote class=\"wp-block-quote is-layout-flow wp-block-quote-is-layout-flow\">\n<p class=\"has-larger-font-size\" style=\"font-style:italic;font-weight:600\"><mark style=\"background-color:rgba(0, 0, 0, 0);color:#0500c6\" class=\"has-inline-color\">\u201cSin participaci\u00f3n ciudadana, nada va a caminar en Panam\u00e1\u201d, remarc\u00f3.<\/mark><\/p>\n<\/blockquote>\n\n\n\n<p class=\"has-large-font-size\"><strong>Constituci\u00f3n impuesta vs. constituyente originaria<\/strong><\/p>\n\n\n\n<p class=\"has-normal-font-size\">El constitucionalista rechaza la idea de una \u201cconstituyente paralela\u201d, introducida en 2004, y la califica como una maniobra para bloquear un verdadero proceso constituyente. \u201cEs una falacia que se le vende a la opini\u00f3n p\u00fablica. La paralela no es constituyente; fue dise\u00f1ada para impedir los cambios de fondo\u201d, denunci\u00f3.<\/p>\n\n\n\n<p>A su juicio, solo una constituyente originaria garantizar\u00eda que la poblaci\u00f3n tenga voz real en la transformaci\u00f3n del sistema pol\u00edtico y en la actualizaci\u00f3n de derechos y garant\u00edas.<\/p>\n\n\n\n<blockquote class=\"wp-block-quote is-layout-flow wp-block-quote-is-layout-flow\">\n<p class=\"has-larger-font-size\"><mark style=\"background-color:rgba(0, 0, 0, 0);color:#0012e6\" class=\"has-inline-color\"><strong><em>\u201cNo es un proyecto del presidente, es de los ciudadanos\u201d<\/em><\/strong><\/mark><\/p>\n<\/blockquote>\n\n\n\n<p>Bernal reconoce que el presidente Jos\u00e9 Ra\u00fal Mulino se ha mostrado favorable a la idea de una Constituyente Originaria, pero aclar\u00f3 que este no es un proyecto personal del mandatario. \u201cEs una demanda ciudadana que viene desde el fin de la dictadura. Lo que ocurre es que hasta ahora ning\u00fan gobierno se atrevi\u00f3 a tocar la Constituci\u00f3n\u201d.<\/p>\n\n\n\n<p>Finalmente, advirti\u00f3 que mantener el actual texto constitucional \u201caltera el orden p\u00fablico m\u00e1s que cualquier proceso de cambio\u201d, pues excluye la participaci\u00f3n ciudadana y perpet\u00faa la concentraci\u00f3n del poder.<\/p>\n","protected":false},"excerpt":{"rendered":"<p>Miguel Antonio Bernal insiste en que el pa\u00eds necesita una constituyente originaria, no una paralela, y que la ciudadan\u00eda debe ser protagonista del cambio.<\/p>\n","protected":false},"author":1,"featured_media":4365,"comment_status":"open","ping_status":"open","sticky":false,"template":"","format":"standard","meta":{"_editorskit_title_hidden":false,"_editorskit_reading_time":0,"_editorskit_is_block_options_detached":false,"_editorskit_block_options_position":"{}","jetpack_post_was_ever_published":false,"_jetpack_newsletter_access":"","_jetpack_dont_email_post_to_subs":false,"_jetpack_newsletter_tier_id":0,"_jetpack_memberships_contains_paywalled_content":false,"_jetpack_memberships_contains_paid_content":false,"footnotes":"","jetpack_publicize_message":"","jetpack_publicize_feature_enabled":true,"jetpack_social_post_already_shared":true,"jetpack_social_options":{"image_generator_settings":{"template":"highway","default_image_id":0,"font":"","enabled":false},"version":2}},"categories":[5,1,8],"tags":[],"class_list":["post-4364","post","type-post","status-publish","format-standard","has-post-thumbnail","hentry","category-constituyente","category-noticias","category-opinion"],"jetpack_publicize_connections":[],"jetpack_featured_media_url":"https:\/\/i0.wp.com\/cuconstituyente.com\/wp-content\/uploads\/2025\/09\/miguelAntonioBernal.jpg?fit=650%2C522&ssl=1","jetpack_sharing_enabled":true,"jetpack_likes_enabled":true,"_links":{"self":[{"href":"https:\/\/cuconstituyente.com\/index.php\/wp-json\/wp\/v2\/posts\/4364","targetHints":{"allow":["GET"]}}],"collection":[{"href":"https:\/\/cuconstituyente.com\/index.php\/wp-json\/wp\/v2\/posts"}],"about":[{"href":"https:\/\/cuconstituyente.com\/index.php\/wp-json\/wp\/v2\/types\/post"}],"author":[{"embeddable":true,"href":"https:\/\/cuconstituyente.com\/index.php\/wp-json\/wp\/v2\/users\/1"}],"replies":[{"embeddable":true,"href":"https:\/\/cuconstituyente.com\/index.php\/wp-json\/wp\/v2\/comments?post=4364"}],"version-history":[{"count":2,"href":"https:\/\/cuconstituyente.com\/index.php\/wp-json\/wp\/v2\/posts\/4364\/revisions"}],"predecessor-version":[{"id":4367,"href":"https:\/\/cuconstituyente.com\/index.php\/wp-json\/wp\/v2\/posts\/4364\/revisions\/4367"}],"wp:featuredmedia":[{"embeddable":true,"href":"https:\/\/cuconstituyente.com\/index.php\/wp-json\/wp\/v2\/media\/4365"}],"wp:attachment":[{"href":"https:\/\/cuconstituyente.com\/index.php\/wp-json\/wp\/v2\/media?parent=4364"}],"wp:term":[{"taxonomy":"category","embeddable":true,"href":"https:\/\/cuconstituyente.com\/index.php\/wp-json\/wp\/v2\/categories?post=4364"},{"taxonomy":"post_tag","embeddable":true,"href":"https:\/\/cuconstituyente.com\/index.php\/wp-json\/wp\/v2\/tags?post=4364"}],"curies":[{"name":"wp","href":"https:\/\/api.w.org\/{rel}","templated":true}]}}