{"id":469,"date":"2021-04-14T07:48:18","date_gmt":"2021-04-14T12:48:18","guid":{"rendered":"https:\/\/cuconstituyente.com\/?p=469"},"modified":"2021-04-19T19:28:27","modified_gmt":"2021-04-20T00:28:27","slug":"universidad-y-reeleccion-2","status":"publish","type":"post","link":"https:\/\/cuconstituyente.com\/index.php\/2021\/04\/14\/universidad-y-reeleccion-2\/","title":{"rendered":"Universidad y reelecci\u00f3n (2)"},"content":{"rendered":"\n<h5 class=\"wp-block-heading\">\u201c<em>En estos d\u00edas confusos y llenos de problemas de todo orden, la Universidad, menos a\u00fan\u2026puede refugiarse en un orgulloso aislamiento, tiene que salir al paso de la vida y convertirse en un poder espiritual y vigoroso de orientaci\u00f3n y vigilancia\u201d<\/em>&nbsp;&nbsp;&nbsp;[Octavio Mendez Pereira].<\/h5>\n\n\n\n<p class=\"has-text-align-justify\">Durante cuatro lustros. la Universidad de Panam\u00e1. padeci\u00f3 el secuestro del que fue objeto de parte de las hordas antiacad\u00e9micas y reeleccionistas que la deformaron, con la llegada de Gustavo Garc\u00eda de Paredes a la rector\u00eda de nuestra Primera casa de estudios.<\/p>\n\n\n\n<!--more-->\n\n\n\n<p class=\"has-text-align-justify\">La Universidad esperaba&nbsp;poder reponerse de la herida inflingida a sus valores m\u00e1s preciados de ciencia, investigaci\u00f3n, cultura, de parte de una manifiesta tendencia pol\u00edtica que, tempranamente, exili\u00f3 a la academia del campus universitario central y de sus regionales. Sin embargo, no ha sido as\u00ed,<\/p>\n\n\n\n<p class=\"has-text-align-justify\">La Universidad continua de espaldas a la grave crisis que vive nuestra sociedad y no le han permitido que cumpla con su vocaci\u00f3n y su misi\u00f3n, pero si la han adaptado a una de las m\u00e1s graves taras de nuestra sociedad: el clientelismo, el electorelismo y el caciquismo. Estas taras se han sustituido al academicismo, a la investigaci\u00f3n y a la cultura que debe, hoy m\u00e1s que nunca, emanar de la principal instituci\u00f3n universitaria de nuestro pa\u00eds.<\/p>\n\n\n\n<p class=\"has-text-align-justify\">Retomar nuevamente el sistema de reelecci\u00f3n de las autoridades universitarias a todos los niveles, de manera inmediata, incondicionada e indefinida, es la ocasi\u00f3n para entronizar el culto a la personalidad, la autocracia y el autoritarismo, el amiguismo, en la instituci\u00f3n d\u00f3nde por antonomasia nunca debi\u00f3 existir y, mucho menos, volverse a dar.<\/p>\n\n\n\n<p class=\"has-text-align-justify\">La prolongada permanencia en poder de la rector\u00eda, de las direcciones de los Centros Regionales, de los Decanatos, etc, transforma a los detentadores de dichos cargos en bur\u00f3cratas y destruye el funcionamiento propio de la instituci\u00f3n acad\u00e9mica, a la voluntad arbitraria de un solo individuo.<\/p>\n\n\n\n<p class=\"has-text-align-justify\">El pa\u00eds nacional, especialmente entre los estudiantes y&nbsp;&nbsp;profesores de la Universidad de Panam\u00e1, deben despertar para su combate c\u00edvico contra el pa\u00eds secuestrado por la politiquer\u00eda, la plutocracia y las c\u00fapulas de la partidocracia.<\/p>\n\n\n\n<p class=\"has-text-align-justify\">El NO A LA REELECCI\u00d3N comenz\u00f3 a cobrar fuerza como una herramienta ciudadana, para combatir una pr\u00e1ctica que ha destruido el funcionamiento normal y democr\u00e1tico de las instituciones. Hoy, en la Universidad de Panam\u00e1, las autoridades universitarias reeleccionistas, buscan olvidar y hacer olvidar.<\/p>\n\n\n\n<p class=\"has-text-align-justify\">&nbsp;Reitero, una vez m\u00e1s, que: \u201cLa Universidad de Panam\u00e1, d\u00f3nde se deb\u00eda<em> aquilatar el cultivo del conocimiento y de la inteligencia, la tenemos como ejemplo vivo de las nefastas consecuencias de la reelecci\u00f3n de sus autoridades, Y, a\u00fan as\u00ed, no faltan quienes buscan en otros claustros universitarios introducir el ese s\u00edndrome de deficiencia acad\u00e9mica, que acarrea la reelecci\u00f3n\u201d.<\/em><\/p>\n\n\n\n<p class=\"has-text-align-justify\">\u201cPor ello, resulta bochornoso ver c\u00f3mo en la Universidad de Panam\u00e1, tanto el Rector como la mayor\u00eda de los Decanos y Directores de Centros Regionales, buscan afanosamente la reelecci\u00f3n en sus cargos, obtenidos hace cinco a\u00f1os atr\u00e1s.. Para tal fin, recurren a todos los medios demag\u00f3gicos habidos y por haber, abandonando los m\u00e1s caros valores acad\u00e9micos y demostrando que nada aprendieron de los veinte a\u00f1os de gustavismo\u201d.<\/p>\n\n\n\n<p class=\"has-text-align-justify\">Hoy m\u00e1s que nunca, no debemos permitir, bajo ning\u00fan pretexto, este nuevo crimen contra nuestra Universidad. \u201cSufragio efectivo, NO reelecci\u00f3n\u201d<\/p>\n\n\n\n<p>Autor:<strong> Miguel Antonio Bernal.<\/strong><\/p>\n","protected":false},"excerpt":{"rendered":"<p>\u201cEn estos d\u00edas confusos y llenos de problemas de todo orden, la Universidad, menos a\u00fan\u2026puede refugiarse en un orgulloso aislamiento, tiene que salir al paso de la vida y convertirse en un poder espiritual y vigoroso de orientaci\u00f3n y vigilancia\u201d&nbsp;&nbsp;&nbsp;[Octavio Mendez Pereira]. Durante cuatro lustros. la Universidad de Panam\u00e1. padeci\u00f3 el secuestro del que fue [&hellip;]<\/p>\n","protected":false},"author":3,"featured_media":161,"comment_status":"open","ping_status":"open","sticky":false,"template":"","format":"standard","meta":{"_editorskit_title_hidden":false,"_editorskit_reading_time":0,"_editorskit_is_block_options_detached":false,"_editorskit_block_options_position":"{}","jetpack_post_was_ever_published":false,"_jetpack_newsletter_access":"","_jetpack_dont_email_post_to_subs":false,"_jetpack_newsletter_tier_id":0,"_jetpack_memberships_contains_paywalled_content":false,"_jetpack_memberships_contains_paid_content":false,"footnotes":"","jetpack_publicize_message":"","jetpack_publicize_feature_enabled":true,"jetpack_social_post_already_shared":true,"jetpack_social_options":{"image_generator_settings":{"template":"highway","default_image_id":0,"font":"","enabled":false},"version":2}},"categories":[8],"tags":[],"class_list":["post-469","post","type-post","status-publish","format-standard","has-post-thumbnail","hentry","category-opinion"],"jetpack_publicize_connections":[],"jetpack_featured_media_url":"https:\/\/i0.wp.com\/cuconstituyente.com\/wp-content\/uploads\/2021\/01\/drMiguelBernal.jpg?fit=750%2C480&ssl=1","jetpack_sharing_enabled":true,"jetpack_likes_enabled":true,"_links":{"self":[{"href":"https:\/\/cuconstituyente.com\/index.php\/wp-json\/wp\/v2\/posts\/469","targetHints":{"allow":["GET"]}}],"collection":[{"href":"https:\/\/cuconstituyente.com\/index.php\/wp-json\/wp\/v2\/posts"}],"about":[{"href":"https:\/\/cuconstituyente.com\/index.php\/wp-json\/wp\/v2\/types\/post"}],"author":[{"embeddable":true,"href":"https:\/\/cuconstituyente.com\/index.php\/wp-json\/wp\/v2\/users\/3"}],"replies":[{"embeddable":true,"href":"https:\/\/cuconstituyente.com\/index.php\/wp-json\/wp\/v2\/comments?post=469"}],"version-history":[{"count":4,"href":"https:\/\/cuconstituyente.com\/index.php\/wp-json\/wp\/v2\/posts\/469\/revisions"}],"predecessor-version":[{"id":490,"href":"https:\/\/cuconstituyente.com\/index.php\/wp-json\/wp\/v2\/posts\/469\/revisions\/490"}],"wp:featuredmedia":[{"embeddable":true,"href":"https:\/\/cuconstituyente.com\/index.php\/wp-json\/wp\/v2\/media\/161"}],"wp:attachment":[{"href":"https:\/\/cuconstituyente.com\/index.php\/wp-json\/wp\/v2\/media?parent=469"}],"wp:term":[{"taxonomy":"category","embeddable":true,"href":"https:\/\/cuconstituyente.com\/index.php\/wp-json\/wp\/v2\/categories?post=469"},{"taxonomy":"post_tag","embeddable":true,"href":"https:\/\/cuconstituyente.com\/index.php\/wp-json\/wp\/v2\/tags?post=469"}],"curies":[{"name":"wp","href":"https:\/\/api.w.org\/{rel}","templated":true}]}}