{"id":476,"date":"2021-04-19T11:22:41","date_gmt":"2021-04-19T16:22:41","guid":{"rendered":"https:\/\/cuconstituyente.com\/?p=476"},"modified":"2021-04-19T11:22:43","modified_gmt":"2021-04-19T16:22:43","slug":"carta-abierta-universidad-de-panama","status":"publish","type":"post","link":"https:\/\/cuconstituyente.com\/index.php\/2021\/04\/19\/carta-abierta-universidad-de-panama\/","title":{"rendered":"Carta Abierta &#8211; Universidad de Panam\u00e1"},"content":{"rendered":"\n<h5 class=\"wp-block-heading\"><strong>Carta Abierta a todos los Candidatos a Rector, Decanos, Vicedecanos, Directores y Subdirectores de Centros Regionales Universitarios de la Universidad de Panam\u00e1, para el per\u00edodo 2021-2026<\/strong><\/h5>\n\n\n\n<p>Un cordial saludo para todos ustedes.<\/p>\n\n\n\n<p class=\"has-text-align-justify\">Desde la representaci\u00f3n ciudadana, educadores, profesionales, egresados de las diferentes Facultades y estudiantes activos de la Universidad de Panam\u00e1, nos dirigimos respetuosamente a ustedes, para plantearles algunos temas de actualidad para el pa\u00eds, para que sean analizados y discutidos mediante debate constructivo.<\/p>\n\n\n\n<p class=\"has-text-align-justify\">La Universidad de Panam\u00e1 tiene una valiosa misi\u00f3n que es la de formar profesionales comprometidos, con una participaci\u00f3n activa y objetiva en el proceso de transformaci\u00f3n para una sociedad, equitativa, justa e \u00edntegra, pero, tambi\u00e9n, la de orientar a la poblaci\u00f3n con planteamientos propositivos acerca de problemas relevantes del acontecer nacional.<\/p>\n\n\n\n<p class=\"has-text-align-justify\">Tomando en cuenta que la comunidad en general es la que contribuye con el pago de sus impuestos a sostener esta instituci\u00f3n educativa, y ni hablar de la comunidad universitaria que es la destinataria directa de las pol\u00edticas adoptadas por las autoridades de esta Casa de Estudios, ambas merecen conocer sus puntos de vista sobre temas vitales para el desarrollo de la Naci\u00f3n como los siguientes: <strong>Constituyente Originaria o Paralela<\/strong>, <strong>Actualidad y Futuro de la Universidad de Panam\u00e1,<\/strong> <strong>Problem\u00e1tica actual de la Caja de Seguro Social<\/strong>.<\/p>\n\n\n\n<p class=\"has-text-align-justify\">Confiamos en que tendr\u00e1n la deferencia para con la comunidad en general y universitaria en particular, en cuanto a la solicitud expresada; y esperamos pronto ver dentro de sus programas de trabajo como candidatos, la invitaci\u00f3n p\u00fablica para el desarrollo y participaci\u00f3n en estos debates tan esperados, as\u00ed como sus pronunciamientos p\u00fablicos sobre tales temas.<\/p>\n\n\n\n<p class=\"has-text-align-justify\">Sin m\u00e1s por el momento, les deseamos \u00e9xitos en todas sus labores cotidianas, agradeciendo su pronta confirmaci\u00f3n a nuestra solicitud.<\/p>\n\n\n\n<p>Atentamente,<\/p>\n\n\n\n<p><strong>Ciudadanos Unidos Por La Constituyente (CUCO)<\/strong><\/p>\n\n\n\n<p>Cherly Santana 2-707-964<br>Cristian Nieto Guerra 4-702-434<br>Gaston Dormoi 8-196-1008<br>Laura Candanedo 4-69-469<br>Leopoldo E. Santamar\u00eda 4-117-1954<br>Lorenzo Obarrio 3-711-1732<br>Miguel A. Bernal V. 8-153-2773<\/p>\n","protected":false},"excerpt":{"rendered":"<p>Carta Abierta a todos los Candidatos a Rector, Decanos, Vicedecanos, Directores y Subdirectores de Centros Regionales Universitarios de la Universidad de Panam\u00e1, para el per\u00edodo 2021-2026 Un cordial saludo para todos ustedes. Desde la representaci\u00f3n ciudadana, educadores, profesionales, egresados de las diferentes Facultades y estudiantes activos de la Universidad de Panam\u00e1, nos dirigimos respetuosamente a [&hellip;]<\/p>\n","protected":false},"author":1,"featured_media":42,"comment_status":"open","ping_status":"open","sticky":false,"template":"","format":"standard","meta":{"_editorskit_title_hidden":false,"_editorskit_reading_time":0,"_editorskit_is_block_options_detached":false,"_editorskit_block_options_position":"{}","jetpack_post_was_ever_published":false,"_jetpack_newsletter_access":"","_jetpack_dont_email_post_to_subs":false,"_jetpack_newsletter_tier_id":0,"_jetpack_memberships_contains_paywalled_content":false,"_jetpack_memberships_contains_paid_content":false,"footnotes":"","jetpack_publicize_message":"","jetpack_publicize_feature_enabled":true,"jetpack_social_post_already_shared":true,"jetpack_social_options":{"image_generator_settings":{"template":"highway","default_image_id":0,"font":"","enabled":false},"version":2}},"categories":[1],"tags":[],"class_list":["post-476","post","type-post","status-publish","format-standard","has-post-thumbnail","hentry","category-noticias"],"jetpack_publicize_connections":[],"jetpack_featured_media_url":"https:\/\/i0.wp.com\/cuconstituyente.com\/wp-content\/uploads\/2020\/12\/cucoLogo.jpg?fit=1120%2C372&ssl=1","jetpack_sharing_enabled":true,"jetpack_likes_enabled":true,"_links":{"self":[{"href":"https:\/\/cuconstituyente.com\/index.php\/wp-json\/wp\/v2\/posts\/476","targetHints":{"allow":["GET"]}}],"collection":[{"href":"https:\/\/cuconstituyente.com\/index.php\/wp-json\/wp\/v2\/posts"}],"about":[{"href":"https:\/\/cuconstituyente.com\/index.php\/wp-json\/wp\/v2\/types\/post"}],"author":[{"embeddable":true,"href":"https:\/\/cuconstituyente.com\/index.php\/wp-json\/wp\/v2\/users\/1"}],"replies":[{"embeddable":true,"href":"https:\/\/cuconstituyente.com\/index.php\/wp-json\/wp\/v2\/comments?post=476"}],"version-history":[{"count":1,"href":"https:\/\/cuconstituyente.com\/index.php\/wp-json\/wp\/v2\/posts\/476\/revisions"}],"predecessor-version":[{"id":477,"href":"https:\/\/cuconstituyente.com\/index.php\/wp-json\/wp\/v2\/posts\/476\/revisions\/477"}],"wp:featuredmedia":[{"embeddable":true,"href":"https:\/\/cuconstituyente.com\/index.php\/wp-json\/wp\/v2\/media\/42"}],"wp:attachment":[{"href":"https:\/\/cuconstituyente.com\/index.php\/wp-json\/wp\/v2\/media?parent=476"}],"wp:term":[{"taxonomy":"category","embeddable":true,"href":"https:\/\/cuconstituyente.com\/index.php\/wp-json\/wp\/v2\/categories?post=476"},{"taxonomy":"post_tag","embeddable":true,"href":"https:\/\/cuconstituyente.com\/index.php\/wp-json\/wp\/v2\/tags?post=476"}],"curies":[{"name":"wp","href":"https:\/\/api.w.org\/{rel}","templated":true}]}}