{"id":4825,"date":"2026-01-05T11:29:00","date_gmt":"2026-01-05T16:29:00","guid":{"rendered":"https:\/\/cuconstituyente.com\/?p=4825"},"modified":"2026-01-05T11:29:01","modified_gmt":"2026-01-05T16:29:01","slug":"la-crisis-de-legitimidad-y-la-salida-constituyente-3","status":"publish","type":"post","link":"https:\/\/cuconstituyente.com\/index.php\/2026\/01\/05\/la-crisis-de-legitimidad-y-la-salida-constituyente-3\/","title":{"rendered":"La crisis de legitimidad y la salida constituyente (3)"},"content":{"rendered":"\n<p>Por: <strong>Miguel Antonio Bernal V.<\/strong> &#8211; Catedr\u00e1tico universitario<\/p>\n\n\n\n<p>Los acontecimientos sociopol\u00edticos que se desbordan durante las tres \u00faltima d\u00e9cadas, plantean la urgente necesidad de contar con un proyecto nacional que no puede ser otro que <strong>el cambio hacia una nueva Constituci\u00f3n, con una activa participaci\u00f3n ciudadana<\/strong> a trav\u00e9s de una Asamblea Nacional Constituyente (originaria).<\/p>\n\n\n\n<!--more-->\n\n\n\n<p>Recordemos aqu\u00ed, aquellos sectores que han optado por querer desviar la atenci\u00f3n de la necesidad y urgencia de un verdadero cambio constitucional, con demagogia y ripios. Aquellos que han optado y optan por seguir defendiendo, por acci\u00f3n u omisi\u00f3n, la constituci\u00f3n impuesta, sin duda alguna, por los beneficios personales que han obtenido, obtienen o esperan obtener de la misma en contra de los intereses de nuestra naci\u00f3n y poblaci\u00f3n.<\/p>\n\n\n\n<p>Hoy por hoy, aunque no faltar\u00e1n quienes lo nieguen, <strong><mark style=\"background-color:rgba(0, 0, 0, 0);color:#ff0000\" class=\"has-inline-color\">Panam\u00e1 arrastra una crisis de legitimidad de su r\u00e9gimen constitucional<\/mark><\/strong>, lo cual repercute cotidianamente en el comportamiento de su r\u00e9gimen pol\u00edtico. Ello es el resultado de haberle retirado los ciudadanos su consenso. Recu\u00e9rdese que entendemos aqu\u00ed (como ya lo se\u00f1al\u00e9 anteriormente) por r\u00e9gimen pol\u00edtico, el conjunto de las instituciones que regulan el ejercicio del poder y de los valores que les dan su contenido, incluyendo la forma de selecci\u00f3n de la denominada clase pol\u00edtica.<\/p>\n\n\n\n<p>Estamos todos en la burbuja en la que \u201cel n\u00facleo del poder del Estado, que ejerce el gobierno, descansa en una espec\u00edfica combinaci\u00f3n de consenso y coerci\u00f3n. El consenso alude a la voluntaria aceptaci\u00f3n ciudadana del r\u00e9gimen pol\u00edtico, a trav\u00e9s del cual se ejerce el gobierno. Cuando se pierde el consenso, o este declina significativamente, el r\u00e9gimen pol\u00edtico se sostiene apoy\u00e1ndose en el reverencial temor ciudadano a la utilizaci\u00f3n en su contra de la coerci\u00f3n, es decir a la violencia ejercida por el Estado\u201d.<\/p>\n\n\n\n<p>No podemos pretender ocultar, y menos con un dedo que, la inmensa mayor\u00eda de los ciudadanos lleva rato manifestando, de una u otra forma, su <strong><mark style=\"background-color:rgba(0, 0, 0, 0);color:#ff0000\" class=\"has-inline-color\">descr\u00e9dito absoluto<\/mark><\/strong> de las instituciones fundamentales del r\u00e9gimen pol\u00edtico vigente, ll\u00e1mese <strong>\u00d3rgano Legislativo, Judicial o Ejecutivo<\/strong>. S\u00famele a ello, el sistema partidocr\u00e1tico y su principal apadrinador, el Tribunal Electoral.<\/p>\n\n\n\n<p>Enti\u00e9ndase que, contrariamente a lo que pretenden algunos, no estamos ante una crisis de legitimidad del gobierno. Estamos, y as\u00ed hay que verlo, analizarlo y, sobre todo, entenderlo, ante una crisis de legitimidad que va much\u00edsimo m\u00e1s all\u00e1 de lo que se cree o ve. Es una <strong>crisis de legitimidad<\/strong> que, adem\u00e1s de sus caracter\u00edsticas propias, se produce dentro de una cadena <strong>en fr\u00edo, es decir sin que se den protestas o movilizaciones ciudadanas<\/strong>, dado que \u201cla crisis pol\u00edtica imperante se da en las alturas, en y entre los \u00f3rganos del Estado, como resultado primario de las m\u00faltiples contradicciones pol\u00edticas de un r\u00e9gimen superagotado y de un sistema constitucional fallido\u201d.<\/p>\n\n\n\n<p>Reitero que, la necesidad de la reestructuraci\u00f3n del Estado es innegable y la misma no se podr\u00e1 alcanzar sin combatir decididamente la corrupci\u00f3n rampante, el aumento galopante de la impunidad y de la inseguridad ciudadana. <strong>La salida m\u00e1s democr\u00e1tica, participativa y progresista, es hoy m\u00e1s que nunca, la de una Asamblea Constituyente<\/strong>.<br>Continuar\u00e1&#8230;<\/p>\n","protected":false},"excerpt":{"rendered":"<p>Por: Miguel Antonio Bernal V. &#8211; Catedr\u00e1tico universitario Los acontecimientos sociopol\u00edticos que se desbordan durante las tres \u00faltima d\u00e9cadas, plantean la urgente necesidad de contar con un proyecto nacional que no puede ser otro que el cambio hacia una nueva Constituci\u00f3n, con una activa participaci\u00f3n ciudadana a trav\u00e9s de una Asamblea Nacional Constituyente (originaria).<\/p>\n","protected":false},"author":1,"featured_media":161,"comment_status":"open","ping_status":"open","sticky":false,"template":"","format":"standard","meta":{"_editorskit_title_hidden":false,"_editorskit_reading_time":0,"_editorskit_is_block_options_detached":false,"_editorskit_block_options_position":"{}","jetpack_post_was_ever_published":false,"_jetpack_newsletter_access":"","_jetpack_dont_email_post_to_subs":false,"_jetpack_newsletter_tier_id":0,"_jetpack_memberships_contains_paywalled_content":false,"_jetpack_memberships_contains_paid_content":false,"footnotes":"","jetpack_publicize_message":"","jetpack_publicize_feature_enabled":true,"jetpack_social_post_already_shared":true,"jetpack_social_options":{"image_generator_settings":{"template":"highway","default_image_id":0,"font":"","enabled":false},"version":2}},"categories":[1],"tags":[],"class_list":["post-4825","post","type-post","status-publish","format-standard","has-post-thumbnail","hentry","category-noticias"],"jetpack_publicize_connections":[],"jetpack_featured_media_url":"https:\/\/i0.wp.com\/cuconstituyente.com\/wp-content\/uploads\/2021\/01\/drMiguelBernal.jpg?fit=750%2C480&ssl=1","jetpack_sharing_enabled":true,"jetpack_likes_enabled":true,"_links":{"self":[{"href":"https:\/\/cuconstituyente.com\/index.php\/wp-json\/wp\/v2\/posts\/4825","targetHints":{"allow":["GET"]}}],"collection":[{"href":"https:\/\/cuconstituyente.com\/index.php\/wp-json\/wp\/v2\/posts"}],"about":[{"href":"https:\/\/cuconstituyente.com\/index.php\/wp-json\/wp\/v2\/types\/post"}],"author":[{"embeddable":true,"href":"https:\/\/cuconstituyente.com\/index.php\/wp-json\/wp\/v2\/users\/1"}],"replies":[{"embeddable":true,"href":"https:\/\/cuconstituyente.com\/index.php\/wp-json\/wp\/v2\/comments?post=4825"}],"version-history":[{"count":1,"href":"https:\/\/cuconstituyente.com\/index.php\/wp-json\/wp\/v2\/posts\/4825\/revisions"}],"predecessor-version":[{"id":4826,"href":"https:\/\/cuconstituyente.com\/index.php\/wp-json\/wp\/v2\/posts\/4825\/revisions\/4826"}],"wp:featuredmedia":[{"embeddable":true,"href":"https:\/\/cuconstituyente.com\/index.php\/wp-json\/wp\/v2\/media\/161"}],"wp:attachment":[{"href":"https:\/\/cuconstituyente.com\/index.php\/wp-json\/wp\/v2\/media?parent=4825"}],"wp:term":[{"taxonomy":"category","embeddable":true,"href":"https:\/\/cuconstituyente.com\/index.php\/wp-json\/wp\/v2\/categories?post=4825"},{"taxonomy":"post_tag","embeddable":true,"href":"https:\/\/cuconstituyente.com\/index.php\/wp-json\/wp\/v2\/tags?post=4825"}],"curies":[{"name":"wp","href":"https:\/\/api.w.org\/{rel}","templated":true}]}}