{"id":4836,"date":"2026-01-11T11:28:59","date_gmt":"2026-01-11T16:28:59","guid":{"rendered":"https:\/\/cuconstituyente.com\/?p=4836"},"modified":"2026-01-11T11:29:00","modified_gmt":"2026-01-11T16:29:00","slug":"temas-constitucionales-6","status":"publish","type":"post","link":"https:\/\/cuconstituyente.com\/index.php\/2026\/01\/11\/temas-constitucionales-6\/","title":{"rendered":"Temas constitucionales (6)"},"content":{"rendered":"\n<p>Como vengo planteando en art\u00edculos anteriores en este mismo medio, los rasgos caracter\u00edsticos de un proceso constituyente democr\u00e1tico, vienen evolucionando desde 1793.<\/p>\n\n\n\n<p>Es as\u00ed que surge entonces, el llamado <strong>poder constituyente constituido<\/strong>, emana una contradicci\u00f3n en sus propios t\u00e9rminos, porque es como llamar a algo por lo uno y lo contrario, dentro del mismo concepto.<\/p>\n\n\n\n<p>Este denominado poder constituyente constituido fue, a la vez, una brillante y perversa construcci\u00f3n dogm\u00e1tica. Se reconoc\u00eda que hay una activaci\u00f3n del poder constituyente originario en un momento dado en la historia; all\u00ed se hace una primera Constituci\u00f3n con la participaci\u00f3n de la sociedad. Pero para cambiar la Constituci\u00f3n, <strong><mark style=\"background-color:rgba(0, 0, 0, 0);color:#ff0000\" class=\"has-inline-color\">el procedimiento previsto en la Constituci\u00f3n no incluye la participaci\u00f3n del pueblo<\/mark><\/strong>.<\/p>\n\n\n\n<p>En Conferencia dictada por el catedr\u00e1tico Roberto Viciano sobre Constitucionalismo democr\u00e1tico ( 19 de junio de 2012- Hotel Continental de Panam\u00e1) y, reproducida en el Cuaderno de lecturas constitucionales No. 1. Panam\u00e1, 25 de febrero 2025, nos se\u00f1alaba que:<\/p>\n\n\n\n<blockquote class=\"wp-block-quote is-layout-flow wp-block-quote-is-layout-flow\">\n<p>\u201cLa participaci\u00f3n popular se circunscribe al momento fundacional del Estado liberal. A partir de ese momento, las constituciones pasan a ser reformadas en el seno de los Parlamentos donde est\u00e1n sentadas las personas que deben ser objeto de limitaci\u00f3n por la Constituci\u00f3n. Es decir, se entrega el poder de cambiar los l\u00edmites que la sociedad hab\u00eda establecido sobre el poder pol\u00edtico a los mismos que ejercen el poder pol\u00edtico. Como podemos suponer, esas personas, cuando entran a realizar reformas constitucionales, no las hacen para limitar su capacidad de acci\u00f3n, no las hacen para equilibrar los poderes, sino que normalmente las hacen para reafirmar a\u00fan m\u00e1s sus capacidades de aprovechar el poder p\u00fablico; no para el inter\u00e9s general, sino para el inter\u00e9s particular\u201d<\/p>\n<\/blockquote>\n\n\n\n<p>Sobre este punto, seg\u00fan el doctor C\u00e9sar Quintero Correa: \u201c<em>al llamado poder constituyente \u2018constituido\u2019<\/em>\u201d tambi\u00e9n se le suele designar poder constituyente \u201cderivado\u201d. (ver Quintero, C\u00e9sar. Cr\u00edtica a la teor\u00eda pura del poder constituyente, Cultural Portobelo, Peque\u00f1o Formato No. 71, Derecho Constitucional). Tambi\u00e9n se puede consultar a Vladimiro Naranjo Mesa,. Teor\u00eda constitucional e instituciones pol\u00edticas, Novena edici\u00f3n, Editorial TEMIS, Bogot\u00e1, 2003.<\/p>\n","protected":false},"excerpt":{"rendered":"<p>Como vengo planteando en art\u00edculos anteriores en este mismo medio, los rasgos caracter\u00edsticos de un proceso constituyente democr\u00e1tico, vienen evolucionando desde 1793. Es as\u00ed que surge entonces, el llamado poder constituyente constituido, emana una contradicci\u00f3n en sus propios t\u00e9rminos, porque es como llamar a algo por lo uno y lo contrario, dentro del mismo concepto. [&hellip;]<\/p>\n","protected":false},"author":1,"featured_media":161,"comment_status":"open","ping_status":"open","sticky":false,"template":"","format":"standard","meta":{"_editorskit_title_hidden":false,"_editorskit_reading_time":0,"_editorskit_is_block_options_detached":false,"_editorskit_block_options_position":"{}","jetpack_post_was_ever_published":false,"_jetpack_newsletter_access":"","_jetpack_dont_email_post_to_subs":false,"_jetpack_newsletter_tier_id":0,"_jetpack_memberships_contains_paywalled_content":false,"_jetpack_memberships_contains_paid_content":false,"footnotes":"","jetpack_publicize_message":"","jetpack_publicize_feature_enabled":true,"jetpack_social_post_already_shared":true,"jetpack_social_options":{"image_generator_settings":{"template":"highway","default_image_id":0,"font":"","enabled":false},"version":2}},"categories":[1],"tags":[],"class_list":["post-4836","post","type-post","status-publish","format-standard","has-post-thumbnail","hentry","category-noticias"],"jetpack_publicize_connections":[],"jetpack_featured_media_url":"https:\/\/i0.wp.com\/cuconstituyente.com\/wp-content\/uploads\/2021\/01\/drMiguelBernal.jpg?fit=750%2C480&ssl=1","jetpack_sharing_enabled":true,"jetpack_likes_enabled":true,"_links":{"self":[{"href":"https:\/\/cuconstituyente.com\/index.php\/wp-json\/wp\/v2\/posts\/4836","targetHints":{"allow":["GET"]}}],"collection":[{"href":"https:\/\/cuconstituyente.com\/index.php\/wp-json\/wp\/v2\/posts"}],"about":[{"href":"https:\/\/cuconstituyente.com\/index.php\/wp-json\/wp\/v2\/types\/post"}],"author":[{"embeddable":true,"href":"https:\/\/cuconstituyente.com\/index.php\/wp-json\/wp\/v2\/users\/1"}],"replies":[{"embeddable":true,"href":"https:\/\/cuconstituyente.com\/index.php\/wp-json\/wp\/v2\/comments?post=4836"}],"version-history":[{"count":1,"href":"https:\/\/cuconstituyente.com\/index.php\/wp-json\/wp\/v2\/posts\/4836\/revisions"}],"predecessor-version":[{"id":4837,"href":"https:\/\/cuconstituyente.com\/index.php\/wp-json\/wp\/v2\/posts\/4836\/revisions\/4837"}],"wp:featuredmedia":[{"embeddable":true,"href":"https:\/\/cuconstituyente.com\/index.php\/wp-json\/wp\/v2\/media\/161"}],"wp:attachment":[{"href":"https:\/\/cuconstituyente.com\/index.php\/wp-json\/wp\/v2\/media?parent=4836"}],"wp:term":[{"taxonomy":"category","embeddable":true,"href":"https:\/\/cuconstituyente.com\/index.php\/wp-json\/wp\/v2\/categories?post=4836"},{"taxonomy":"post_tag","embeddable":true,"href":"https:\/\/cuconstituyente.com\/index.php\/wp-json\/wp\/v2\/tags?post=4836"}],"curies":[{"name":"wp","href":"https:\/\/api.w.org\/{rel}","templated":true}]}}