{"id":4885,"date":"2026-01-24T16:56:26","date_gmt":"2026-01-24T21:56:26","guid":{"rendered":"https:\/\/cuconstituyente.com\/?p=4885"},"modified":"2026-01-24T16:56:27","modified_gmt":"2026-01-24T21:56:27","slug":"sicut-agni-inter-lupos","status":"publish","type":"post","link":"https:\/\/cuconstituyente.com\/index.php\/2026\/01\/24\/sicut-agni-inter-lupos\/","title":{"rendered":"\u201cSicut agni inter lupos\u201d"},"content":{"rendered":"\n<p>Por: <strong>Miguel Antonio Bernal V.<\/strong> &#8211; Catedr\u00e1tico universitario<\/p>\n\n\n\n<p><strong>Como el cordero rodeado de lobos<\/strong>, as\u00ed me ocurri\u00f3 al concurrir a la Asamblea Legislativa, como ciudadano y Catedr\u00e1tico Titular de la Facultad de Derecho de la Universidad de Panam\u00e1, para participar -con cortes\u00eda- en el segundo debate del proyecto de Ley 83, que contemplaba la NO reelecci\u00f3n inmediata de las diversas autoridades de las Universidades P\u00fablicas de nuestro pa\u00eds.<\/p>\n\n\n\n<!--more-->\n\n\n\n<p>Originalmente el proyecto, que hab\u00eda sido aprobado en primer debate en la Comisi\u00f3n de Educaci\u00f3n, no alcanz\u00f3, gracias a diversas artima\u00f1as, a ser discutido en segundo debate antes del receso de fiestas de fin de a\u00f1o. Al llegar nuevamente a segundo debate este mes de enero, fue reenviado a primer debate \u201c<strong><em><mark style=\"background-color:rgba(0, 0, 0, 0);color:#ff0000\" class=\"has-inline-color\">para consensuar<\/mark><\/em><\/strong>\u201d el que solo pudiese haber una sola reelecci\u00f3n inmediata para los que no hab\u00edan sido ya reelectos.<\/p>\n\n\n\n<p>El actual rector de la Universidad de Panam\u00e1 se present\u00f3, desde el primer momento, acompa\u00f1ado de una variedad de funcionarios de su entorno pero, tambi\u00e9n, de una treintena de funcionarios universitarios administrativos, quienes conformaron <strong>\u201cla barra\u201d aplaudidora o abucheadora<\/strong>, seg\u00fan las directrices que emanaban de los que acompa\u00f1aban al rector frente a los diputados asistentes.<\/p>\n\n\n\n<p>Tambi\u00e9n concurri\u00f3, acompa\u00f1ada de varios de sus funcionarios, la rectora de la Universidad Tecnol\u00f3gica de Panam\u00e1 (UTP), en apoyo del rector Flores. Llam\u00f3 poderosamente ese apoyo dado que la UTP no contempla la reelecci\u00f3n en la Ley que la rige. Pero, seg\u00fan se dijo, <strong><mark style=\"background-color:rgba(0, 0, 0, 0);color:#ff0000\" class=\"has-inline-color\">su presencia era \u201cpor amistad con el rector Flores\u201d<\/mark><\/strong>.<\/p>\n\n\n\n<p>Cabe anotar que la sesi\u00f3n en que se mantuvo la reelecci\u00f3n por votaci\u00f3n de 30 a 26, se vio tempranamente bajo control de diputados de la partidocracia, siendo los m\u00e1s estridentes <strong><mark style=\"background-color:rgba(0, 0, 0, 0);color:#ff0000\" class=\"has-inline-color\">defensores de la reelecci\u00f3n indefinida los diputados<\/mark><\/strong> Camacho, Pineda, Adames y un suplente de apellido Valencia.<\/p>\n\n\n\n<p>La procesi\u00f3n dolorosa de las Universidades p\u00fablicas, en un viaje hacia el valle de lagrimas, que les conducir\u00e1, m\u00e1s que probablemente, a una muerte segura, y que fue aplaudida a rabiar por la clique partidocr\u00e1tica, <strong>traer\u00e1 graves situaciones para la educaci\u00f3n<\/strong>. \u201cSe puede -Ayn Rand dixit- ignorar la realidad, pero tu no puedes ignorar las consecuencias de ignorar la realidad\u201d.<\/p>\n\n\n\n<p>\u201c<strong>Como cordero entre lobos<\/strong>\u201d<\/p>\n\n\n\n<p>Fuente: <a href=\"https:\/\/elsiglo.com.pa\/opinion\/columnas\/sicut-agni-inter-lupos-NO19350805\">El Siglo<\/a><\/p>\n","protected":false},"excerpt":{"rendered":"<p>Por: Miguel Antonio Bernal V. &#8211; Catedr\u00e1tico universitario Como el cordero rodeado de lobos, as\u00ed me ocurri\u00f3 al concurrir a la Asamblea Legislativa, como ciudadano y Catedr\u00e1tico Titular de la Facultad de Derecho de la Universidad de Panam\u00e1, para participar -con cortes\u00eda- en el segundo debate del proyecto de Ley 83, que contemplaba la NO [&hellip;]<\/p>\n","protected":false},"author":1,"featured_media":161,"comment_status":"open","ping_status":"open","sticky":false,"template":"","format":"standard","meta":{"_editorskit_title_hidden":false,"_editorskit_reading_time":0,"_editorskit_is_block_options_detached":false,"_editorskit_block_options_position":"{}","jetpack_post_was_ever_published":false,"_jetpack_newsletter_access":"","_jetpack_dont_email_post_to_subs":false,"_jetpack_newsletter_tier_id":0,"_jetpack_memberships_contains_paywalled_content":false,"_jetpack_memberships_contains_paid_content":false,"footnotes":"","jetpack_publicize_message":"","jetpack_publicize_feature_enabled":true,"jetpack_social_post_already_shared":true,"jetpack_social_options":{"image_generator_settings":{"template":"highway","default_image_id":0,"font":"","enabled":false},"version":2}},"categories":[1],"tags":[],"class_list":["post-4885","post","type-post","status-publish","format-standard","has-post-thumbnail","hentry","category-noticias"],"jetpack_publicize_connections":[],"jetpack_featured_media_url":"https:\/\/i0.wp.com\/cuconstituyente.com\/wp-content\/uploads\/2021\/01\/drMiguelBernal.jpg?fit=750%2C480&ssl=1","jetpack_sharing_enabled":true,"jetpack_likes_enabled":true,"_links":{"self":[{"href":"https:\/\/cuconstituyente.com\/index.php\/wp-json\/wp\/v2\/posts\/4885","targetHints":{"allow":["GET"]}}],"collection":[{"href":"https:\/\/cuconstituyente.com\/index.php\/wp-json\/wp\/v2\/posts"}],"about":[{"href":"https:\/\/cuconstituyente.com\/index.php\/wp-json\/wp\/v2\/types\/post"}],"author":[{"embeddable":true,"href":"https:\/\/cuconstituyente.com\/index.php\/wp-json\/wp\/v2\/users\/1"}],"replies":[{"embeddable":true,"href":"https:\/\/cuconstituyente.com\/index.php\/wp-json\/wp\/v2\/comments?post=4885"}],"version-history":[{"count":1,"href":"https:\/\/cuconstituyente.com\/index.php\/wp-json\/wp\/v2\/posts\/4885\/revisions"}],"predecessor-version":[{"id":4886,"href":"https:\/\/cuconstituyente.com\/index.php\/wp-json\/wp\/v2\/posts\/4885\/revisions\/4886"}],"wp:featuredmedia":[{"embeddable":true,"href":"https:\/\/cuconstituyente.com\/index.php\/wp-json\/wp\/v2\/media\/161"}],"wp:attachment":[{"href":"https:\/\/cuconstituyente.com\/index.php\/wp-json\/wp\/v2\/media?parent=4885"}],"wp:term":[{"taxonomy":"category","embeddable":true,"href":"https:\/\/cuconstituyente.com\/index.php\/wp-json\/wp\/v2\/categories?post=4885"},{"taxonomy":"post_tag","embeddable":true,"href":"https:\/\/cuconstituyente.com\/index.php\/wp-json\/wp\/v2\/tags?post=4885"}],"curies":[{"name":"wp","href":"https:\/\/api.w.org\/{rel}","templated":true}]}}