{"id":549,"date":"2021-05-20T10:47:55","date_gmt":"2021-05-20T15:47:55","guid":{"rendered":"https:\/\/cuconstituyente.com\/?p=549"},"modified":"2021-05-20T10:48:01","modified_gmt":"2021-05-20T15:48:01","slug":"miedo-en-la-casa-de-mendez-pereira","status":"publish","type":"post","link":"https:\/\/cuconstituyente.com\/index.php\/2021\/05\/20\/miedo-en-la-casa-de-mendez-pereira\/","title":{"rendered":"Miedo en la casa de M\u00e9ndez Pereira"},"content":{"rendered":"\n<h5 class=\"wp-block-heading\">Nuestro inter\u00e9s es que reflexionemos sobre este fen\u00f3meno perturbador y que tal vez, sin darnos cuenta hemos permitido que nos inunde y hasta perme\u00e9. \u00bfSer\u00e1 el temor para enfrentar nuestra verdad o realidad?<\/h5>\n\n\n\n<p class=\"has-text-align-justify\">Es una pregunta que surge cuando escuchamos a una gran parte de la familia universitaria decir expresiones tales como: \u201c<em>apoyo a tal candidato pero que no se sepa<\/em>\u201d, \u201c<em>por favor no divulgue mi apoyo, prefiero permanecer en el anonimato<\/em>\u201d, entre algunas. \u00bfSon s\u00edntomas o no de temor y hasta de terror? <strong>\u00bfQu\u00e9 se esconder\u00e1 detr\u00e1s de este miedo inusitado y sorpresivo y jam\u00e1s visto en mis 38 a\u00f1os de vida universitaria?<\/strong><\/p>\n\n\n\n<!--more-->\n\n\n\n<p class=\"has-text-align-justify\">Esto es realmente preocupante. Y surge en m\u00ed una duda razonable y met\u00f3dica, inspirada en Ren\u00e9 Descartes. \u00bfQu\u00e9 nos estar\u00e1 pasando? Pero veamos lo que dicen los especialistas respecto al miedo. <strong><em>El miedo simple y sencillamente es la reacci\u00f3n que se produce ante un peligro inminente<\/em><\/strong>. Su funci\u00f3n es protegernos del peligro. Los humanos tenemos cableado un sistema de supervivencia que activa el mecanismo \u201cpelea, escapa o paral\u00edzate\u201d ante la presencia de una amenaza real o percibida.<\/p>\n\n\n\n<p class=\"has-text-align-justify\">\u00bfPero cu\u00e1l podr\u00eda ser ese peligro tan pr\u00f3ximo?: acaso perder el puesto de trabajo, ser hostigado, calumniado, censurado, o inclusive segregado, o en buen paname\u00f1o no estar m\u00e1s en la papa. Tal vez la invisibilidad de la virtualidad puede contribuir tambi\u00e9n a la incertidumbre ya reinante, producto de la crisis que vivimos y convertirse en un detonante para hacer aflorar ese miedo. <strong>Lo cierto es que resulta inadmisible, en un entorno de tan alto nivel acad\u00e9mico e intelectual, percibir este terror entre la comunidad y debemos buscar la ra\u00edz de este<\/strong>.<\/p>\n\n\n\n<p class=\"has-text-align-justify\">Nuestro inter\u00e9s es que reflexionemos sobre este fen\u00f3meno perturbador y que tal vez, sin darnos cuenta hemos permitido que nos inunde y hasta perme\u00e9. <strong>\u00bfSer\u00e1 el temor para enfrentar nuestra verdad o realidad?<\/strong><\/p>\n\n\n\n<p class=\"has-text-align-justify\">Definitivamente que al miedo no hay que huirle. Todo lo contrario: la \u00fanica manera de superarlo es mir\u00e1ndolo a la cara y confiando en que somos capaces de superarlo. Para algunas corrientes filos\u00f3ficas lidiar con el miedo es batallar con nuestros problemas de atenci\u00f3n y con nuestra falta de amor. Quien se enfoca decididamente en el ahora y llena su alma de compasi\u00f3n, es decir preocupaci\u00f3n y acci\u00f3n en bien de los dem\u00e1s, y en este caso particular, de las generaciones de profesionales del hoy y del ma\u00f1ana \u00e1vidas de ejemplos y modelos disruptivos, dif\u00edcilmente ser\u00e1 presa del temor.<\/p>\n\n\n\n<p class=\"has-text-align-justify\">A\u00fan recuerdo el sinsabor que me dej\u00f3 la famosa pel\u00edcula estadounidense <a href=\"https:\/\/mega.nz\/file\/3ioFzCCT#L0mS9A1UNbglhlh5t1kgft3tXiaPYBL_vqChnjhr-RU\" target=\"_blank\" rel=\"noreferrer noopener\">La ra\u00edz del miedo del director Gregory Hoblit<\/a> , con el aclamado Richard Gere, que analic\u00e9 con mis estudiantes de \u00e9tica. No quisiera que mi alma m\u00e1ter se deje carcomer por el apego al tener que dibuj\u00f3 al flamante abogado de la pel\u00edcula. Reflexionemos y luchemos contra el miedo a perder, que es una fuente o ra\u00edz del miedo, y qu\u00e9 podemos perder: poder, fama, dinero, estatus entre otros, aceptados como valores m\u00e1s importantes en nuestra sociedad. Trascendamos este temor, muy dif\u00edcil de comprender por ser uno de los m\u00e1s fuertes, porque se convierte en un c\u00edrculo vicioso.<\/p>\n\n\n\n<p class=\"has-text-align-justify\">Reflexionemos sobre esta actitud y hagamos acopio del coraje y valent\u00eda que nos ha caracterizado como comunidad universitaria. Si es miedo al poder de la autoridad, desafi\u00e9moslo con energ\u00eda, triunfemos ante \u00e9ste y la cobard\u00eda, atrev\u00e1monos a cortar con esa ra\u00edz y edifiquemos una universidad sin miedo a la libertad, haciendo una analog\u00eda del libro del psic\u00f3logo social Erich Fromm, y lidiemos con el temor al miedo con una visi\u00f3n m\u00e1s humana del presente que se proyecte hacia el futuro.<\/p>\n\n\n\n<p class=\"has-text-align-justify\">Finalizo resumiendo las sabias palabras de un escrito del Dr. Daisaku Ikeda, uno de los fil\u00f3sofos m\u00e1s influyentes del siglo XX que dice as\u00ed: \u201cdesaf\u00edate a concretar tus sue\u00f1os\u201d. <strong>Te convoco a que luches por tus sue\u00f1os<\/strong>. Afronta el desaf\u00edo. \u00bfA qu\u00e9 le temes, al rid\u00edculo? \u00bfal cambio? \u00bfa lo nuevo? <strong>Que el miedo no te inmovilice<\/strong>. <strong>An\u00edmate a salir de tu confortable incomodidad<\/strong>. Hay algo mejor que este estado de tranquila desesperaci\u00f3n. \u00a1Imagina qu\u00e9 quieres ser!\u201d.<\/p>\n\n\n\n<p><strong>Fuente<\/strong>: <a rel=\"noreferrer noopener\" href=\"https:\/\/www.prensa.com\/impresa\/opinion\/miedo-en-la-casa-de-mendez-pereira\/\" target=\"_blank\">La Prensa<\/a><br><strong>Autora<\/strong>: Maritza Mosquera de Sumich &#8211; Docente universitaria<\/p>\n","protected":false},"excerpt":{"rendered":"<p>Nuestro inter\u00e9s es que reflexionemos sobre este fen\u00f3meno perturbador y que tal vez, sin darnos cuenta hemos permitido que nos inunde y hasta perme\u00e9. \u00bfSer\u00e1 el temor para enfrentar nuestra verdad o realidad? Es una pregunta que surge cuando escuchamos a una gran parte de la familia universitaria decir expresiones tales como: \u201capoyo a tal [&hellip;]<\/p>\n","protected":false},"author":1,"featured_media":555,"comment_status":"open","ping_status":"open","sticky":false,"template":"","format":"standard","meta":{"_editorskit_title_hidden":false,"_editorskit_reading_time":0,"_editorskit_is_block_options_detached":false,"_editorskit_block_options_position":"{}","jetpack_post_was_ever_published":false,"_jetpack_newsletter_access":"","_jetpack_dont_email_post_to_subs":false,"_jetpack_newsletter_tier_id":0,"_jetpack_memberships_contains_paywalled_content":false,"_jetpack_memberships_contains_paid_content":false,"footnotes":"","jetpack_publicize_message":"","jetpack_publicize_feature_enabled":true,"jetpack_social_post_already_shared":true,"jetpack_social_options":{"image_generator_settings":{"template":"highway","default_image_id":0,"font":"","enabled":false},"version":2}},"categories":[1],"tags":[],"class_list":["post-549","post","type-post","status-publish","format-standard","has-post-thumbnail","hentry","category-noticias"],"jetpack_publicize_connections":[],"jetpack_featured_media_url":"https:\/\/i0.wp.com\/cuconstituyente.com\/wp-content\/uploads\/2021\/05\/universidadd-de-panama.jpg?fit=770%2C410&ssl=1","jetpack_sharing_enabled":true,"jetpack_likes_enabled":true,"_links":{"self":[{"href":"https:\/\/cuconstituyente.com\/index.php\/wp-json\/wp\/v2\/posts\/549","targetHints":{"allow":["GET"]}}],"collection":[{"href":"https:\/\/cuconstituyente.com\/index.php\/wp-json\/wp\/v2\/posts"}],"about":[{"href":"https:\/\/cuconstituyente.com\/index.php\/wp-json\/wp\/v2\/types\/post"}],"author":[{"embeddable":true,"href":"https:\/\/cuconstituyente.com\/index.php\/wp-json\/wp\/v2\/users\/1"}],"replies":[{"embeddable":true,"href":"https:\/\/cuconstituyente.com\/index.php\/wp-json\/wp\/v2\/comments?post=549"}],"version-history":[{"count":1,"href":"https:\/\/cuconstituyente.com\/index.php\/wp-json\/wp\/v2\/posts\/549\/revisions"}],"predecessor-version":[{"id":556,"href":"https:\/\/cuconstituyente.com\/index.php\/wp-json\/wp\/v2\/posts\/549\/revisions\/556"}],"wp:featuredmedia":[{"embeddable":true,"href":"https:\/\/cuconstituyente.com\/index.php\/wp-json\/wp\/v2\/media\/555"}],"wp:attachment":[{"href":"https:\/\/cuconstituyente.com\/index.php\/wp-json\/wp\/v2\/media?parent=549"}],"wp:term":[{"taxonomy":"category","embeddable":true,"href":"https:\/\/cuconstituyente.com\/index.php\/wp-json\/wp\/v2\/categories?post=549"},{"taxonomy":"post_tag","embeddable":true,"href":"https:\/\/cuconstituyente.com\/index.php\/wp-json\/wp\/v2\/tags?post=549"}],"curies":[{"name":"wp","href":"https:\/\/api.w.org\/{rel}","templated":true}]}}