{"id":558,"date":"2021-05-20T21:25:26","date_gmt":"2021-05-21T02:25:26","guid":{"rendered":"https:\/\/cuconstituyente.com\/?p=558"},"modified":"2021-05-20T21:25:28","modified_gmt":"2021-05-21T02:25:28","slug":"constituyente-ya-debemos-vacunarnos-contra-contagio-de-la-corrupcion","status":"publish","type":"post","link":"https:\/\/cuconstituyente.com\/index.php\/2021\/05\/20\/constituyente-ya-debemos-vacunarnos-contra-contagio-de-la-corrupcion\/","title":{"rendered":"\u00a1Constituyente ya! Debemos vacunarnos contra contagio de  la corrupci\u00f3n"},"content":{"rendered":"\n<p class=\"has-text-align-justify\">El <strong>doctor Gast\u00f3n De Jes\u00fas Dormoi Barrios<\/strong>, especialista en cirug\u00eda general y coloproctolog\u00eda, quien ha venido realizando protestas sociales desde que inici\u00f3 la pandemia por el coronavirus en Panam\u00e1, se enfrent\u00f3 a \u201cEl Pregunt\u00f3n\u201d.<\/p>\n\n\n\n<p class=\"has-text-align-justify\">Dormoi se ha visto con carteles de protesta social en las v\u00edas de Tumba Muerto, V\u00eda Espa\u00f1a, frente al edificio de la Asamblea Nacional y el Ministerio P\u00fablico.<\/p>\n\n\n\n<p class=\"has-text-align-justify\"><strong>\u00bfA qui\u00e9n culpa de la desigualdad que existe actualmente en el pa\u00eds?<\/strong><\/p>\n\n\n\n<p class=\"has-text-align-justify\">Al sistema altamente presidencialista y pol\u00edtico, y la clase pol\u00edtica que s\u00f3lo piensa en su reelecci\u00f3n, sin importarle las necesidades de nuestro pueblo. No son solidarios son insensibles y c\u00ednicos.<\/p>\n\n\n\n<p class=\"has-text-align-justify\"><strong>\u00bfQu\u00e9 lo motiv\u00f3 a realizar protestas sociales con carteles en las calles de Panam\u00e1?<\/strong><\/p>\n\n\n\n<p class=\"has-text-align-justify\">Me sent\u00ed indignado, al enterarme de los sobrecostos en las compras de enseres sanitarios (mascarillas, gel alcoholado, ventiladores, vestimentas de seguridad personal, etc.). Mientras tanto el pueblo pasaba hambre y en ese entonces s\u00f3lo recib\u00edan un bono de 80 d\u00f3lares mensuales.<\/p>\n\n\n\n<p class=\"has-text-align-justify\"><strong>A m\u00e1s de un a\u00f1o de la pandemia siguen las irregularidades como la falta de transparencia en las compras, ya sean directas o por licitaci\u00f3n. \u00bfC\u00f3mo evitarlo?<\/strong><\/p>\n\n\n\n<p>Se evitar\u00eda con la correcta investigaci\u00f3n y fiscalizaci\u00f3n de la Procuradur\u00eda, Contralor\u00eda y la Corte Suprema.<\/p>\n\n\n\n<p class=\"has-text-align-justify\"><strong>\u00bfQu\u00e9 se puede hacer con los diputados que realizan lo que le venga en gana, con el pueblo humilde que los eligi\u00f3?<\/strong><\/p>\n\n\n\n<p class=\"has-text-align-justify\">Son unos delincuentes, y este pueblo callado que no defiende sus derechos, el abuso es permanente. Necesitamos una Constituyente Originaria.<\/p>\n\n\n\n<p class=\"has-text-align-justify\"><strong>\u00bfConsidera que el tema de la justicia es otro problema que hay en Panam\u00e1, sobre todo con los casos de alto perfil?<\/strong><\/p>\n\n\n\n<p class=\"has-text-align-justify\">En el \u00d3rgano Judicial se ha infiltrado la corrupci\u00f3n porque no se cumple con la Carrera Judicial, muchos fiscales y jueces son nombrados a dedo y muchos caen por causa de la corrupci\u00f3n.<\/p>\n\n\n\n<p class=\"has-text-align-justify\"><strong>\u00bfCu\u00e1l es la dificultad que m\u00e1s se ha puesto en evidencia en el pa\u00eds con esta crisis sanitaria?<\/strong><\/p>\n\n\n\n<p class=\"has-text-align-justify\">Las dificultades se evidenciaron inmediatamente ya que ninguno de los hospitales estaba preparado para atender una pandemia de esta \u00edndole; no exist\u00eda un programa organizado dentro del sistema de salud. Principalmente puso al descubierto la falta de personal de salud, material y equipos sanitarios. Fue una experiencia con mucho sacrificio.<\/p>\n\n\n\n<p class=\"has-text-align-justify\"><strong>\u00bfSiempre ha permanecido la constante falta de personal, a\u00fan con la pandemia esta situaci\u00f3n persiste o ha mejorado?<\/strong><\/p>\n\n\n\n<p class=\"has-text-align-justify\">Persiste y creo que no va a mejorar porque los pol\u00edticos tienen otros intereses particulares y no se preocupan en aumentar el presupuesto de Salud.<\/p>\n\n\n\n<p class=\"has-text-align-justify\"><strong>\u00bfQu\u00e9 deben hacer los paname\u00f1os para que se acabe este contagio de corrupci\u00f3n?<\/strong><\/p>\n\n\n\n<p class=\"has-text-align-justify\">Vacunarse contra ella, primero poner en pr\u00e1ctica la Carrera Administrativa en todos los niveles, en la cual los funcionarios son escogidos por m\u00e9ritos, son supervisados, evaluados y premiados los que se destacan y sanciones a los que no cumplan con su funci\u00f3n.<\/p>\n\n\n\n<p class=\"has-text-align-justify\"><strong>\u00bfCree usted que la soluci\u00f3n a todos los problemas se podr\u00e1 conseguir a trav\u00e9s de un pacto social o sea la Constituyente?<\/strong><\/p>\n\n\n\n<p>S\u00ed, creo en un nuevo pacto social donde el pueblo participe en un proceso constituyente democr\u00e1tico.<\/p>\n\n\n\n<p class=\"has-text-align-justify\"><strong>\u00bfQu\u00e9 opina de la Constituyente Paralela?<\/strong><\/p>\n\n\n\n<p class=\"has-text-align-justify\">No es una Constituyente, pues no es participativa, el ciudadano delega su participaci\u00f3n sin conocer su contenido y sin conocer las reglas del proceso.<\/p>\n\n\n\n<p class=\"has-text-align-justify\"><strong>\u00bfQu\u00e9 opini\u00f3n le merece la Constituyente Originaria?<\/strong><\/p>\n\n\n\n<p class=\"has-text-align-justify\">S\u00ed presenta el concepto democr\u00e1tico y participativo porque incluye en un primer momento una pre-capacitaci\u00f3n sobre el proceso Constituyente y despu\u00e9s un refer\u00e9ndum para ser aprobado o no por los ciudadanos.<\/p>\n\n\n\n<p>Fuente: <a href=\"https:\/\/www.midiario.com\/nacionales\/constituyente-ya-debemos-vacunarnos-contra-contagio-de-la-corrupcion\/\" target=\"_blank\" rel=\"noreferrer noopener\">Mi Diario<\/a><\/p>\n","protected":false},"excerpt":{"rendered":"<p>El doctor Gast\u00f3n De Jes\u00fas Dormoi Barrios, especialista en cirug\u00eda general y coloproctolog\u00eda, quien ha venido realizando protestas sociales desde que inici\u00f3 la pandemia por el coronavirus en Panam\u00e1, se enfrent\u00f3 a \u201cEl Pregunt\u00f3n\u201d. Dormoi se ha visto con carteles de protesta social en las v\u00edas de Tumba Muerto, V\u00eda Espa\u00f1a, frente al edificio de [&hellip;]<\/p>\n","protected":false},"author":1,"featured_media":223,"comment_status":"open","ping_status":"open","sticky":false,"template":"","format":"standard","meta":{"_editorskit_title_hidden":false,"_editorskit_reading_time":0,"_editorskit_is_block_options_detached":false,"_editorskit_block_options_position":"{}","jetpack_post_was_ever_published":false,"_jetpack_newsletter_access":"","_jetpack_dont_email_post_to_subs":false,"_jetpack_newsletter_tier_id":0,"_jetpack_memberships_contains_paywalled_content":false,"_jetpack_memberships_contains_paid_content":false,"footnotes":"","jetpack_publicize_message":"","jetpack_publicize_feature_enabled":true,"jetpack_social_post_already_shared":true,"jetpack_social_options":{"image_generator_settings":{"template":"highway","default_image_id":0,"font":"","enabled":false},"version":2}},"categories":[1],"tags":[],"class_list":["post-558","post","type-post","status-publish","format-standard","has-post-thumbnail","hentry","category-noticias"],"jetpack_publicize_connections":[],"jetpack_featured_media_url":"https:\/\/i0.wp.com\/cuconstituyente.com\/wp-content\/uploads\/2021\/02\/drGastonProtesta.jpg?fit=1000%2C666&ssl=1","jetpack_sharing_enabled":true,"jetpack_likes_enabled":true,"_links":{"self":[{"href":"https:\/\/cuconstituyente.com\/index.php\/wp-json\/wp\/v2\/posts\/558","targetHints":{"allow":["GET"]}}],"collection":[{"href":"https:\/\/cuconstituyente.com\/index.php\/wp-json\/wp\/v2\/posts"}],"about":[{"href":"https:\/\/cuconstituyente.com\/index.php\/wp-json\/wp\/v2\/types\/post"}],"author":[{"embeddable":true,"href":"https:\/\/cuconstituyente.com\/index.php\/wp-json\/wp\/v2\/users\/1"}],"replies":[{"embeddable":true,"href":"https:\/\/cuconstituyente.com\/index.php\/wp-json\/wp\/v2\/comments?post=558"}],"version-history":[{"count":2,"href":"https:\/\/cuconstituyente.com\/index.php\/wp-json\/wp\/v2\/posts\/558\/revisions"}],"predecessor-version":[{"id":560,"href":"https:\/\/cuconstituyente.com\/index.php\/wp-json\/wp\/v2\/posts\/558\/revisions\/560"}],"wp:featuredmedia":[{"embeddable":true,"href":"https:\/\/cuconstituyente.com\/index.php\/wp-json\/wp\/v2\/media\/223"}],"wp:attachment":[{"href":"https:\/\/cuconstituyente.com\/index.php\/wp-json\/wp\/v2\/media?parent=558"}],"wp:term":[{"taxonomy":"category","embeddable":true,"href":"https:\/\/cuconstituyente.com\/index.php\/wp-json\/wp\/v2\/categories?post=558"},{"taxonomy":"post_tag","embeddable":true,"href":"https:\/\/cuconstituyente.com\/index.php\/wp-json\/wp\/v2\/tags?post=558"}],"curies":[{"name":"wp","href":"https:\/\/api.w.org\/{rel}","templated":true}]}}