{"id":563,"date":"2021-05-24T12:24:08","date_gmt":"2021-05-24T17:24:08","guid":{"rendered":"https:\/\/cuconstituyente.com\/?p=563"},"modified":"2021-07-11T11:35:32","modified_gmt":"2021-07-11T16:35:32","slug":"el-ruido-de-las-botas","status":"publish","type":"post","link":"https:\/\/cuconstituyente.com\/index.php\/2021\/05\/24\/el-ruido-de-las-botas\/","title":{"rendered":"El ruido de las botas"},"content":{"rendered":"\n<h5 class=\"wp-block-heading\">Un inaudito video ha proliferado durante los \u00faltimos d\u00edas en las redes sociales locales. Su contenido deja escuchar un horroroso ruido de botas al paso de ganso, tradicional de los fascistas y golpistas.<\/h5>\n\n\n\n<p class=\"has-text-align-justify\">La masiva difusi\u00f3n dada por el gobierno paname\u00f1o, a trav\u00e9s del Ministerio de Seguridad, de dicho video institucional, en el cual m\u00e1s de un centenar de miembros uniformados de la Polic\u00eda Nacional, aparecen expresando su apoyo a la polic\u00eda y al ej\u00e9rcito colombiano por la brutal represi\u00f3n perpetrada contra las protestas c\u00edvicas en ese pa\u00eds, es grave, inquietante y muy preocupante.<\/p>\n\n\n\n<!--more-->\n\n\n\n<p class=\"has-text-align-justify\">Grave, pues evidencia que a los directivos de la Polic\u00eda Nacional y a sus superiores, presidente de la Rep\u00fablica, ministro de Seguridad, les importa (una vez m\u00e1s), un comino con la Constituci\u00f3n, la Ley y los pactos internacionales de Derechos Humanos.<\/p>\n\n\n\n<p class=\"has-text-align-justify\">Tanto la Constituci\u00f3n en su <strong>Art\u00edculo 311<\/strong> (<em><strong>Los servicios de polic\u00eda no son deliberantes y sus miembros no podr\u00e1n hacer manifestaciones o declaraciones pol\u00edticas en forma individual o colectiva. Tampoco podr\u00e1n intervenir en la pol\u00edtica partidista, salvo la emisi\u00f3n del voto. El desacato a la presente norma ser\u00e1 sancionado con la destituci\u00f3n inmediata del cargo, adem\u00e1s de las sanciones que establezca la Ley.<\/strong><\/em>) y la Ley Org\u00e1nica de la Polic\u00eda, en su <strong>Art\u00edculo 9<\/strong> (<strong><em>los miembros de la Polic\u00eda Nacional actuar\u00e1n con absoluta neutralidad pol\u00edtica. En consecuencia, no pueden deliberar sobre asuntos de car\u00e1cter pol\u00edtico, pertenecer a partidos pol\u00edticos, ni intervenir en pol\u00edtica partidista&#8230;<\/em><\/strong>), son claras al respecto. Los Pactos Internacionales en materia de Derechos Humanos, por otra parte, proh\u00edben y condenan la brutalidad polic\u00edaca, la tortura, el abuso de autoridad, etc.<\/p>\n\n\n\n<p class=\"has-text-align-justify\">Inquietante, puesto que sabemos c\u00f3mo desde el gobierno de Mart\u00edn Torrijos Espino hasta el actual, todos y cada uno de los gobiernos que se han sucedido, han facilitado por diversos medios un mayor grado de remilitarizaci\u00f3n, adem\u00e1s de llenar de privilegios, prebendas, ascensos, jubilaciones especiales etc, a sus casi 400 comisionados y subs.<\/p>\n\n\n\n<p class=\"has-text-align-justify\">Hoy, en todos los \u00d3rganos, instituciones aut\u00f3nomas y semiaut\u00f3nomas, est\u00e1 presente alg\u00fan militar jubilado o activo, en diversas posiciones de mando. El pie de fuerza de los diversos estamentos que integran la Fuerza P\u00fablica sobrepasa los 40 mil integrantes y su Presupuesto no ha cesado de aumentar los \u00faltimos a\u00f1os.<\/p>\n\n\n\n<p class=\"has-text-align-justify\">Preocupante porque la ciudadan\u00eda abrumada y atropellada por los problemas econ\u00f3micos, sanitarios, laborales y sociales, no se percata del peligro que se cierne sobre nuestras fr\u00e1giles instituciones c\u00edvicas. Muy pronto hemos olvidado los veinti\u00fan a\u00f1os de r\u00e9gimen militar y que \u00bb el tigre no se vuelve vegetariano\u00bb.<\/p>\n\n\n\n<p class=\"has-text-align-justify\">No cabe duda que todo se encamina hacia derroteros anti ciudadanos, antirepublicanos y antipatri\u00f3ticos. Nos pretenden regresar a la selva, cuando a\u00fan no hemos terminado de conocer el zool\u00f3gico en que nos encerr\u00f3 la invasi\u00f3n.<\/p>\n\n\n\n<p class=\"has-text-align-justify\">Hoy por hoy, el Estado polic\u00edaco en el que vivimos, no demorar\u00e1 en convertirse m\u00e1s y m\u00e1s que hasta ahora, en una caquicracia al servicio de la partidocracia plutocractica&#8230; Vivivimos en un estado de golpe&#8230;solo falta que lo den.<\/p>\n\n\n\n<p>Autor: <strong>Miguel Antonio Bernal<\/strong><br>           Catedr\u00e1tico UP<\/p>\n","protected":false},"excerpt":{"rendered":"<p>Un inaudito video ha proliferado durante los \u00faltimos d\u00edas en las redes sociales locales. Su contenido deja escuchar un horroroso ruido de botas al paso de ganso, tradicional de los fascistas y golpistas. La masiva difusi\u00f3n dada por el gobierno paname\u00f1o, a trav\u00e9s del Ministerio de Seguridad, de dicho video institucional, en el cual m\u00e1s [&hellip;]<\/p>\n","protected":false},"author":1,"featured_media":564,"comment_status":"open","ping_status":"open","sticky":false,"template":"","format":"standard","meta":{"_editorskit_title_hidden":false,"_editorskit_reading_time":0,"_editorskit_is_block_options_detached":false,"_editorskit_block_options_position":"{}","jetpack_post_was_ever_published":false,"_jetpack_newsletter_access":"","_jetpack_dont_email_post_to_subs":false,"_jetpack_newsletter_tier_id":0,"_jetpack_memberships_contains_paywalled_content":false,"_jetpack_memberships_contains_paid_content":false,"footnotes":"","jetpack_publicize_message":"","jetpack_publicize_feature_enabled":true,"jetpack_social_post_already_shared":true,"jetpack_social_options":{"image_generator_settings":{"template":"highway","default_image_id":0,"font":"","enabled":false},"version":2}},"categories":[6,1,8],"tags":[],"class_list":["post-563","post","type-post","status-publish","format-standard","has-post-thumbnail","hentry","category-eventos","category-noticias","category-opinion"],"jetpack_publicize_connections":[],"jetpack_featured_media_url":"https:\/\/i0.wp.com\/cuconstituyente.com\/wp-content\/uploads\/2021\/05\/PoliciaNacional.jpg?fit=663%2C481&ssl=1","jetpack_sharing_enabled":true,"jetpack_likes_enabled":true,"_links":{"self":[{"href":"https:\/\/cuconstituyente.com\/index.php\/wp-json\/wp\/v2\/posts\/563","targetHints":{"allow":["GET"]}}],"collection":[{"href":"https:\/\/cuconstituyente.com\/index.php\/wp-json\/wp\/v2\/posts"}],"about":[{"href":"https:\/\/cuconstituyente.com\/index.php\/wp-json\/wp\/v2\/types\/post"}],"author":[{"embeddable":true,"href":"https:\/\/cuconstituyente.com\/index.php\/wp-json\/wp\/v2\/users\/1"}],"replies":[{"embeddable":true,"href":"https:\/\/cuconstituyente.com\/index.php\/wp-json\/wp\/v2\/comments?post=563"}],"version-history":[{"count":3,"href":"https:\/\/cuconstituyente.com\/index.php\/wp-json\/wp\/v2\/posts\/563\/revisions"}],"predecessor-version":[{"id":615,"href":"https:\/\/cuconstituyente.com\/index.php\/wp-json\/wp\/v2\/posts\/563\/revisions\/615"}],"wp:featuredmedia":[{"embeddable":true,"href":"https:\/\/cuconstituyente.com\/index.php\/wp-json\/wp\/v2\/media\/564"}],"wp:attachment":[{"href":"https:\/\/cuconstituyente.com\/index.php\/wp-json\/wp\/v2\/media?parent=563"}],"wp:term":[{"taxonomy":"category","embeddable":true,"href":"https:\/\/cuconstituyente.com\/index.php\/wp-json\/wp\/v2\/categories?post=563"},{"taxonomy":"post_tag","embeddable":true,"href":"https:\/\/cuconstituyente.com\/index.php\/wp-json\/wp\/v2\/tags?post=563"}],"curies":[{"name":"wp","href":"https:\/\/api.w.org\/{rel}","templated":true}]}}