{"id":578,"date":"2021-06-04T08:14:54","date_gmt":"2021-06-04T13:14:54","guid":{"rendered":"https:\/\/cuconstituyente.com\/?p=578"},"modified":"2021-06-04T08:14:56","modified_gmt":"2021-06-04T13:14:56","slug":"historias-contadas","status":"publish","type":"post","link":"https:\/\/cuconstituyente.com\/index.php\/2021\/06\/04\/historias-contadas\/","title":{"rendered":"Historias Contadas"},"content":{"rendered":"\n<p class=\"has-text-align-justify\">Dado que los amantes de la tergiversaci\u00f3n de la historia andan hablando de: \u201c<strong>Historias no Contadas<\/strong>\u201d, traigo hoy ante los lectores de esta columna, est\u00e1 historia contada hace ya algunos a\u00f1os, puesto que las falsedades no pueden seguir teniendo cabida en la memoria hist\u00f3rica.<\/p>\n\n\n\n<p class=\"has-text-align-justify\">El t\u00edtulo original de este art\u00edculo fue NO TE QUEREMOS AQUI\u2026<\/p>\n\n\n\n<!--more-->\n\n\n\n<p class=\"has-text-align-justify\">En abril del a\u00f1o 2005, la `<em>Comisi\u00f3n de Disciplina del Consejo Acad\u00e9mico<\/em>\u00b4, consuetudinaria violadora del debido proceso, me cit\u00f3 a la Facultad de Odontolog\u00eda para \u201cindagarme\u201d y justificar as\u00ed la expulsi\u00f3n m\u00eda de la Universidad.<\/p>\n\n\n\n<p class=\"has-text-align-justify\">Fui recibido -al apersonarme- por una turba de funcionarios de la Universidad, en su gran mayor\u00eda <strong>reconocidos batalloneros<\/strong>. Estos sujetos, entre las cosas que me gritaban era: \u201c<strong>no te queremos aqu\u00ed<\/strong>\u201d.<\/p>\n\n\n\n<p class=\"has-text-align-justify\">Entonces, le dej\u00e9 muy en claro al rector y a sus espoliques, que yo no tengo ning\u00fan inter\u00e9s que ellos me quieran. Por eso, ahora que nuevamente intentan montarme otro \u201cproceso\u201d, me permito recordarle al rector:<\/p>\n\n\n\n<ul class=\"wp-block-list\"><li>Usted es un politiquero, yo soy un acad\u00e9mico decente.<\/li><li>Usted no ha querido que se investigue a fondo la falsificaci\u00f3n de diplomas; yo, por mi parte, puse la denuncia correspondiente en el Ministerio P\u00fablico.<\/li><li>Usted no quiere ense\u00f1ar sus t\u00edtulos; yo he ense\u00f1ado y ense\u00f1o los m\u00edos.<\/li><li>Usted le rinde culto y devela bustos de Pedrarias D\u00e1vila; yo repudio los genocidas, de antes y de ahora.<\/li><li>Usted manipula, ordena, impone; yo s\u00ed ense\u00f1o.<\/li><li>Usted selecciona la justicia, persigue y amenaza docentes; yo trato de ser m\u00e1s justo cada d\u00eda.<\/li><li>Usted como la mayor\u00eda de los rectores desde la dictadura, pasar\u00e1 aunque le ponga su nombre a todas las avenidas de la Universidad; yo, como otros docentes quedar\u00e9.<\/li><li>Usted humilla y le gusta enga\u00f1ar; yo procuro ser humilde y no dejar que enga\u00f1en a la gente.<\/li><li>Usted, se\u00f1or rector, le gusta dividir: a los profesores, a los estudiantes, a los administrativos; yo ense\u00f1o a mis alumnos, a mis compatriotas a multiplicar, a acrecentar la dignidad.<\/li><li>Usted recibe -y le encantan- abrazos comprometidos; yo recibo abrazos sinceros.<\/li><li>Usted le gusta que le llamen \u201cRector Magn\u00edfico\u201d mientras corta cintas; yo corto cadenas.<\/li><li>Usted suma haberes, yo sumo conocimientos.<\/li><li>Usted tiene los gastos pagos; yo pago mis gastos.<\/li><li>Usted, fue elegido rector y se quiere reelegir; yo elijo y no creo en la reelecci\u00f3n.<\/li><li>Usted tiene toda una vida dedicada a impulsar, apoyar, aceptar, practicar el autoritarismo; yo llevo toda una vida combati\u00e9ndolo.<\/li><li>Usted no cree en el di\u00e1logo, ni en el debate, ni en la participaci\u00f3n ciudadana; yo predico el di\u00e1logo, practico el debate y creo en la democracia participativa.<\/li><li>Usted, se\u00f1or rector, tiene la Universidad secuestrada para sus tenebrosos fines; yo creo en los ciudadanos actores que desean rescatarla de las manos de los impostores.<\/li><li><strong>Usted, se\u00f1or Rector, con sus ac\u00f3litos del CGU, al igual que otros dictadores del pasado me dicen: \u201c<span style=\"color:#a30009\" class=\"has-inline-color\">no te queremos aqu\u00ed<\/span>\u201d; yo les digo con toda claridad: \u201c<span style=\"color:#070ac8\" class=\"has-inline-color\">Aqu\u00ed estoy y aqu\u00ed me quedo<\/span>\u201d<\/strong>.<\/li><\/ul>\n\n\n\n<p>Autor:\u00a0<strong>Miguel Antonio Bernal<\/strong><br>Catedr\u00e1tico &#8211; Universidad de Panam\u00e1<\/p>\n","protected":false},"excerpt":{"rendered":"<p>Dado que los amantes de la tergiversaci\u00f3n de la historia andan hablando de: \u201cHistorias no Contadas\u201d, traigo hoy ante los lectores de esta columna, est\u00e1 historia contada hace ya algunos a\u00f1os, puesto que las falsedades no pueden seguir teniendo cabida en la memoria hist\u00f3rica. El t\u00edtulo original de este art\u00edculo fue NO TE QUEREMOS AQUI\u2026<\/p>\n","protected":false},"author":1,"featured_media":161,"comment_status":"open","ping_status":"open","sticky":false,"template":"","format":"standard","meta":{"_editorskit_title_hidden":false,"_editorskit_reading_time":0,"_editorskit_is_block_options_detached":false,"_editorskit_block_options_position":"{}","jetpack_post_was_ever_published":false,"_jetpack_newsletter_access":"","_jetpack_dont_email_post_to_subs":false,"_jetpack_newsletter_tier_id":0,"_jetpack_memberships_contains_paywalled_content":false,"_jetpack_memberships_contains_paid_content":false,"footnotes":"","jetpack_publicize_message":"","jetpack_publicize_feature_enabled":true,"jetpack_social_post_already_shared":true,"jetpack_social_options":{"image_generator_settings":{"template":"highway","default_image_id":0,"font":"","enabled":false},"version":2}},"categories":[1],"tags":[],"class_list":["post-578","post","type-post","status-publish","format-standard","has-post-thumbnail","hentry","category-noticias"],"jetpack_publicize_connections":[],"jetpack_featured_media_url":"https:\/\/i0.wp.com\/cuconstituyente.com\/wp-content\/uploads\/2021\/01\/drMiguelBernal.jpg?fit=750%2C480&ssl=1","jetpack_sharing_enabled":true,"jetpack_likes_enabled":true,"_links":{"self":[{"href":"https:\/\/cuconstituyente.com\/index.php\/wp-json\/wp\/v2\/posts\/578","targetHints":{"allow":["GET"]}}],"collection":[{"href":"https:\/\/cuconstituyente.com\/index.php\/wp-json\/wp\/v2\/posts"}],"about":[{"href":"https:\/\/cuconstituyente.com\/index.php\/wp-json\/wp\/v2\/types\/post"}],"author":[{"embeddable":true,"href":"https:\/\/cuconstituyente.com\/index.php\/wp-json\/wp\/v2\/users\/1"}],"replies":[{"embeddable":true,"href":"https:\/\/cuconstituyente.com\/index.php\/wp-json\/wp\/v2\/comments?post=578"}],"version-history":[{"count":1,"href":"https:\/\/cuconstituyente.com\/index.php\/wp-json\/wp\/v2\/posts\/578\/revisions"}],"predecessor-version":[{"id":579,"href":"https:\/\/cuconstituyente.com\/index.php\/wp-json\/wp\/v2\/posts\/578\/revisions\/579"}],"wp:featuredmedia":[{"embeddable":true,"href":"https:\/\/cuconstituyente.com\/index.php\/wp-json\/wp\/v2\/media\/161"}],"wp:attachment":[{"href":"https:\/\/cuconstituyente.com\/index.php\/wp-json\/wp\/v2\/media?parent=578"}],"wp:term":[{"taxonomy":"category","embeddable":true,"href":"https:\/\/cuconstituyente.com\/index.php\/wp-json\/wp\/v2\/categories?post=578"},{"taxonomy":"post_tag","embeddable":true,"href":"https:\/\/cuconstituyente.com\/index.php\/wp-json\/wp\/v2\/tags?post=578"}],"curies":[{"name":"wp","href":"https:\/\/api.w.org\/{rel}","templated":true}]}}