{"id":677,"date":"2021-08-19T11:19:21","date_gmt":"2021-08-19T16:19:21","guid":{"rendered":"https:\/\/cuconstituyente.com\/?p=677"},"modified":"2021-08-19T11:19:22","modified_gmt":"2021-08-19T16:19:22","slug":"las-amenazas-del-senor-presidente","status":"publish","type":"post","link":"https:\/\/cuconstituyente.com\/index.php\/2021\/08\/19\/las-amenazas-del-senor-presidente\/","title":{"rendered":"Las amenazas del se\u00f1or Presidente"},"content":{"rendered":"\n<h5 class=\"wp-block-heading\">Cada vez son m\u00e1s frecuentes los mensajes que expresa el jefe de gobierno, los cuales vienen cargados de autoritarismo, las amenazas e intimidaci\u00f3n a la poblaci\u00f3n.<\/h5>\n\n\n\n<!--more-->\n\n\n\n<p class=\"has-text-align-justify\"><br>El m\u00e1s reciente fue el mensaje hecho p\u00fablico en una actividad el pasado viernes en el interior de la Rep\u00fablica, donde el \u201crofeo\u201d y \u201cla amenaza\u201d en medio de conductas algo groseras han sido la caracter\u00edsticas durante el desarrollo de sus actividades en p\u00fablico.<\/p>\n\n\n\n<p class=\"has-text-align-justify\">El detonante fue nada m\u00e1s y nada menos que el mensaje hac\u00eda los <strong>servidores p\u00fablicos<\/strong> de la Rep\u00fablica, <strong>que si no se vacunaban contra el COVID-19 los mandar\u00eda a sus casa<\/strong> \u201c<strong><span style=\"color:#a30000\" class=\"has-inline-color\">con licencia sin sueldo<\/span><\/strong>\u201d.<\/p>\n\n\n\n<p class=\"has-text-align-justify\">Esto desencadeno una serie cr\u00edticas y de preocupaci\u00f3n dentro de los miembros de la sociedad, pues <strong>el mensaje del presidente<\/strong> nos puso en perspectiva la <strong>foto de cuerpo entero de un individuo<\/strong> <strong><span style=\"color:#a30000\" class=\"has-inline-color\">que NO ES el mismo<\/span><\/strong> quien presidio la Asamblea Nacional en su momento, que no fue el mismo Ministro de Desarrollo Agropecuario, quien renunci\u00f3 al Gobierno del Presidente Mart\u00edn Torrijos, debido a las diferencias que surgieron sobre unos desacuerdos en medio de la negociaci\u00f3n del TLC en aqu\u00e9l entonces. Sino que su mensaje activ\u00f3 las alarmas y las banderas rojas, de la sociedad paname\u00f1a, y nos record\u00f3, que conductas como estas varias d\u00e9cadas atr\u00e1s, motivaron la creaci\u00f3n de la Cruzada Civilista.<\/p>\n\n\n\n<p class=\"has-text-align-justify\">El ser educado, y dirigirse a las personas con respeto no es debilidad ni debe concebirse como ello, sino que es la m\u00e1s simple regla de conducta que nos ense\u00f1an en nuestros hogares.<\/p>\n\n\n\n<p class=\"has-text-align-justify\">Cada vez son <strong>m\u00e1s frecuentes las interrogantes<\/strong>, de <strong><span style=\"color:#a30000\" class=\"has-inline-color\">si el presidente esta s\u00f3lo y nadie lo asesora u orienta<\/span><\/strong>, o simplemente las personas cercanas aplauden esas conductas equivocadas que lo dibujan como una persona altanera y le da un ligero toquecito a su gesti\u00f3n, <strong><span style=\"color:#a30000\" class=\"has-inline-color\">enmarc\u00e1ndola en una dictadura<\/span><\/strong>.<\/p>\n\n\n\n<p class=\"has-text-align-justify\">Los mensajes comunicacionales est\u00e1n ausentes, y los pocos que existen est\u00e1n claramente desorientados, lo que no es apropiado para un gobierno que tiene dos a\u00f1os y meses en el poder.<\/p>\n\n\n\n<p class=\"has-text-align-justify\">La redes sociales recogen el sentir de las personas que expresan lo que piensan de cualquier persona y el presidente no se escapa a ello.<\/p>\n\n\n\n<p class=\"has-text-align-justify\">Aunque esas actuaciones le dan popularidad y tendencia en las redes al mandatario, estas son \u201cnegativas\u201d, lo que incentiva el agotamiento social por ver las actuaciones de quien pilotea el barco del Estado.<\/p>\n\n\n\n<p class=\"has-text-align-justify\">Lo que caus\u00f3 asombro, fue que su comentario era una clara violaci\u00f3n a los Derechos Humanos de los ciudadanos paname\u00f1os, por violentar la Declaraci\u00f3n Universal de los Derechos Humanos de 10 de diciembre de 1948 en los art\u00edculos 1, 2, 3, y 23 \u00e9ste \u00faltimo que se refiere al Derecho al Trabajo.<\/p>\n\n\n\n<p class=\"has-text-align-justify\">Tambi\u00e9n ha podido ser objeto de violaci\u00f3n a la Declaraci\u00f3n Universal sobre Bio\u00e9tica y Derechos Humanos, suscrita el 19 de octubre de 2005, en su Art\u00edculo 6, y la ley 68 del 20 de noviembre de 2003, publicada en la Gaceta Oficial 24,935 del martes 25 de noviembre de 2003, que regula los derechos y obligaciones de los pacientes, en materia de informaci\u00f3n y de decisi\u00f3n libre e informada, en su Art\u00edculo 16.<\/p>\n\n\n\n<p class=\"has-text-align-justify\">Alguien debe hacerle entender al Se\u00f1or Presidente, que lo que hace trasciende nuestras fronteras, un comentario desatinado repercute a nivel internacional, y no se queda en la aldea, poblado, o lugar apartado donde lo haya podido haber dicho.<\/p>\n\n\n\n<p class=\"has-text-align-justify\">Como hemos expresado en otros documentos, Panam\u00e1, no quiere un Mayoral o un Capataz de la Cosa P\u00fablica. Nuestra naci\u00f3n requiere alguien que realmente se preocupe del pueblo y no que pretenda tratarlos como los empleados de su finca.<\/p>\n\n\n\n<p class=\"has-text-align-justify\">El \u00e9xito de una gesti\u00f3n de gobierno no est\u00e1 lamentablemente donde usted esta buscando se\u00f1or presidente. <strong><em>Quiere que el pueblo se vacune, inf\u00f3rmele y conv\u00e9nzalos, as\u00ed mismo como lo hizo para que los paname\u00f1os pensaran en las pasadas elecciones que usted era el m\u00e1s apto para dirigir el Estado<\/em><\/strong>.<\/p>\n\n\n\n<p class=\"has-text-align-justify\">Usted se imagina si las elecciones fueran hoy, y usted le habla as\u00ed al electorado, es muy probable que quiz\u00e1s estar\u00eda en otro sitio donde sin duda no ser\u00eda el solio presidencial.<\/p>\n\n\n\n<p>Autor: <strong>Alfonso Fraguela<\/strong><br>Abogado y comunicador<\/p>\n","protected":false},"excerpt":{"rendered":"<p>Cada vez son m\u00e1s frecuentes los mensajes que expresa el jefe de gobierno, los cuales vienen cargados de autoritarismo, las amenazas e intimidaci\u00f3n a la poblaci\u00f3n.<\/p>\n","protected":false},"author":1,"featured_media":678,"comment_status":"open","ping_status":"open","sticky":false,"template":"","format":"standard","meta":{"_editorskit_title_hidden":false,"_editorskit_reading_time":0,"_editorskit_is_block_options_detached":false,"_editorskit_block_options_position":"{}","jetpack_post_was_ever_published":false,"_jetpack_newsletter_access":"","_jetpack_dont_email_post_to_subs":false,"_jetpack_newsletter_tier_id":0,"_jetpack_memberships_contains_paywalled_content":false,"_jetpack_memberships_contains_paid_content":false,"footnotes":"","jetpack_publicize_message":"","jetpack_publicize_feature_enabled":true,"jetpack_social_post_already_shared":true,"jetpack_social_options":{"image_generator_settings":{"template":"highway","default_image_id":0,"font":"","enabled":false},"version":2}},"categories":[1],"tags":[],"class_list":["post-677","post","type-post","status-publish","format-standard","has-post-thumbnail","hentry","category-noticias"],"jetpack_publicize_connections":[],"jetpack_featured_media_url":"https:\/\/i0.wp.com\/cuconstituyente.com\/wp-content\/uploads\/2021\/08\/alfonsoFraguela.jpg?fit=696%2C378&ssl=1","jetpack_sharing_enabled":true,"jetpack_likes_enabled":true,"_links":{"self":[{"href":"https:\/\/cuconstituyente.com\/index.php\/wp-json\/wp\/v2\/posts\/677","targetHints":{"allow":["GET"]}}],"collection":[{"href":"https:\/\/cuconstituyente.com\/index.php\/wp-json\/wp\/v2\/posts"}],"about":[{"href":"https:\/\/cuconstituyente.com\/index.php\/wp-json\/wp\/v2\/types\/post"}],"author":[{"embeddable":true,"href":"https:\/\/cuconstituyente.com\/index.php\/wp-json\/wp\/v2\/users\/1"}],"replies":[{"embeddable":true,"href":"https:\/\/cuconstituyente.com\/index.php\/wp-json\/wp\/v2\/comments?post=677"}],"version-history":[{"count":1,"href":"https:\/\/cuconstituyente.com\/index.php\/wp-json\/wp\/v2\/posts\/677\/revisions"}],"predecessor-version":[{"id":679,"href":"https:\/\/cuconstituyente.com\/index.php\/wp-json\/wp\/v2\/posts\/677\/revisions\/679"}],"wp:featuredmedia":[{"embeddable":true,"href":"https:\/\/cuconstituyente.com\/index.php\/wp-json\/wp\/v2\/media\/678"}],"wp:attachment":[{"href":"https:\/\/cuconstituyente.com\/index.php\/wp-json\/wp\/v2\/media?parent=677"}],"wp:term":[{"taxonomy":"category","embeddable":true,"href":"https:\/\/cuconstituyente.com\/index.php\/wp-json\/wp\/v2\/categories?post=677"},{"taxonomy":"post_tag","embeddable":true,"href":"https:\/\/cuconstituyente.com\/index.php\/wp-json\/wp\/v2\/tags?post=677"}],"curies":[{"name":"wp","href":"https:\/\/api.w.org\/{rel}","templated":true}]}}