{"id":686,"date":"2021-08-27T07:19:10","date_gmt":"2021-08-27T12:19:10","guid":{"rendered":"https:\/\/cuconstituyente.com\/?p=686"},"modified":"2021-08-27T07:19:11","modified_gmt":"2021-08-27T12:19:11","slug":"7000","status":"publish","type":"post","link":"https:\/\/cuconstituyente.com\/index.php\/2021\/08\/27\/7000\/","title":{"rendered":"7,000"},"content":{"rendered":"\n<h5 class=\"wp-block-heading\">\u201c<em><strong>Si algo significa la libertad, es el derecho a decirle a la gente lo que no quiere o\u00edr<\/strong><\/em>\u201d [George Orwell]<\/h5>\n\n\n\n<p class=\"has-text-align-justify\">La esquizofrenia social fomentada por la empresa criminal conjunta, sigue su curso, alimentada por la inhibici\u00f3n ciudadana a expresarse y manifestarse, ante las imposiciones que, cotidianamente, impone el Gabyernito.<\/p>\n\n\n\n<p class=\"has-text-align-justify\">As\u00ed las cosas, constatamos con pavor, c\u00f3mo <strong><span style=\"color:#a30900\" class=\"has-inline-color\">la pandemia ha tra\u00eddo luto y dolor<\/span><\/strong>, en m\u00e1s de 7,000 familias paname\u00f1as. La indolencia de los gobernantes ha sido m\u00e1s que escandalosa, mientras el miedo, el des\u00e1nimo, el desconcierto, la crispaci\u00f3n, se han ido apoderando de nuestro colectivo, provocando una par\u00e1lisis ciudadana alimentada por la desinformaci\u00f3n y la manipulaci\u00f3n medi\u00e1tica.<\/p>\n\n\n\n<p class=\"has-text-align-justify\">Hoy por hoy, en medio de la situaci\u00f3n imperante e impuesta, debemos exigirnos los ciudadanos una capacidad de discernimiento que se dirija, sin indiferencias y sin atajos, con capacidad, claridad y decisi\u00f3n, a responder a las viejas y nuevas realidades. No hacerlo solo traer\u00e1 m\u00e1s desgracias.<\/p>\n\n\n\n<p class=\"has-text-align-justify\">Hoy por hoy, la empresa criminal conjunta est\u00e1 dedicada tiempo completo, a pisotear la dignidad ciudadana en todos los terrenos, produciendo \u201cm\u00e1s amargura que la que posiblemente sabr\u00e9 expresar con claridad\u201d.<\/p>\n\n\n\n<p class=\"has-text-align-justify\"><strong>Quienes controlan los \u00f3rganos del Estado<\/strong> y sus ramas, \u201c<strong><em>no son como aquellos de la Antig\u00fcedad que crucificaban a la gente, la decapitaban y todo eso solo por divertirse. Estos buscan algo completamente nuevo, algo de lo que nunca se ha o\u00eddo hablar antes<\/em><\/strong>\u201d, en nuestro pa\u00eds. Siembran y cosechan mentiras de manera m\u00e1s abundante que nunca antes en nuestra historia republicana.<\/p>\n\n\n\n<p class=\"has-text-align-justify\">Urge la reacci\u00f3n ciudadana para frenar el descontrol y la irracionalidad, de la que hacen gala los del poder pol\u00edtico. Hace falta un esfuerzo extraordinario para atajar el diletantismo de la poblaci\u00f3n, para reducir al m\u00e1ximo&nbsp; la falta de sensibilidad y simpat\u00eda humana.<\/p>\n\n\n\n<p class=\"has-text-align-justify\">No podemos ni debemos dejarnos vencer por la bajocridad de las autoridades, autoras del caos que se vive y del que se avecina. Debemos prepararnos con decisi\u00f3n y, transformar la abulia en solidaridad y acci\u00f3n.<\/p>\n\n\n\n<p class=\"has-text-align-justify\"><strong>Debemos encaminarnos, sin m\u00e1s tardanza, a un verdadero empoderamiento del poder ciudadano<\/strong>. Es <strong><span style=\"color:#a30000\" class=\"has-inline-color\">\u00a1Ahora o Nunca!<\/span><\/strong><\/p>\n\n\n\n<p>Autor:&nbsp;<strong>Miguel Antonio Bernal<\/strong><br>Catedr\u00e1tico \u2013 Universidad de Panam\u00e1<\/p>\n","protected":false},"excerpt":{"rendered":"<p>\u201cSi algo significa la libertad, es el derecho a decirle a la gente lo que no quiere o\u00edr\u201d [George Orwell] La esquizofrenia social fomentada por la empresa criminal conjunta, sigue su curso, alimentada por la inhibici\u00f3n ciudadana a expresarse y manifestarse, ante las imposiciones que, cotidianamente, impone el Gabyernito. As\u00ed las cosas, constatamos con pavor, [&hellip;]<\/p>\n","protected":false},"author":1,"featured_media":161,"comment_status":"open","ping_status":"open","sticky":false,"template":"","format":"standard","meta":{"_editorskit_title_hidden":false,"_editorskit_reading_time":0,"_editorskit_is_block_options_detached":false,"_editorskit_block_options_position":"{}","jetpack_post_was_ever_published":false,"_jetpack_newsletter_access":"","_jetpack_dont_email_post_to_subs":false,"_jetpack_newsletter_tier_id":0,"_jetpack_memberships_contains_paywalled_content":false,"_jetpack_memberships_contains_paid_content":false,"footnotes":"","jetpack_publicize_message":"","jetpack_publicize_feature_enabled":true,"jetpack_social_post_already_shared":true,"jetpack_social_options":{"image_generator_settings":{"template":"highway","default_image_id":0,"font":"","enabled":false},"version":2}},"categories":[1],"tags":[],"class_list":["post-686","post","type-post","status-publish","format-standard","has-post-thumbnail","hentry","category-noticias"],"jetpack_publicize_connections":[],"jetpack_featured_media_url":"https:\/\/i0.wp.com\/cuconstituyente.com\/wp-content\/uploads\/2021\/01\/drMiguelBernal.jpg?fit=750%2C480&ssl=1","jetpack_sharing_enabled":true,"jetpack_likes_enabled":true,"_links":{"self":[{"href":"https:\/\/cuconstituyente.com\/index.php\/wp-json\/wp\/v2\/posts\/686","targetHints":{"allow":["GET"]}}],"collection":[{"href":"https:\/\/cuconstituyente.com\/index.php\/wp-json\/wp\/v2\/posts"}],"about":[{"href":"https:\/\/cuconstituyente.com\/index.php\/wp-json\/wp\/v2\/types\/post"}],"author":[{"embeddable":true,"href":"https:\/\/cuconstituyente.com\/index.php\/wp-json\/wp\/v2\/users\/1"}],"replies":[{"embeddable":true,"href":"https:\/\/cuconstituyente.com\/index.php\/wp-json\/wp\/v2\/comments?post=686"}],"version-history":[{"count":1,"href":"https:\/\/cuconstituyente.com\/index.php\/wp-json\/wp\/v2\/posts\/686\/revisions"}],"predecessor-version":[{"id":688,"href":"https:\/\/cuconstituyente.com\/index.php\/wp-json\/wp\/v2\/posts\/686\/revisions\/688"}],"wp:featuredmedia":[{"embeddable":true,"href":"https:\/\/cuconstituyente.com\/index.php\/wp-json\/wp\/v2\/media\/161"}],"wp:attachment":[{"href":"https:\/\/cuconstituyente.com\/index.php\/wp-json\/wp\/v2\/media?parent=686"}],"wp:term":[{"taxonomy":"category","embeddable":true,"href":"https:\/\/cuconstituyente.com\/index.php\/wp-json\/wp\/v2\/categories?post=686"},{"taxonomy":"post_tag","embeddable":true,"href":"https:\/\/cuconstituyente.com\/index.php\/wp-json\/wp\/v2\/tags?post=686"}],"curies":[{"name":"wp","href":"https:\/\/api.w.org\/{rel}","templated":true}]}}