{"id":689,"date":"2021-08-30T14:26:49","date_gmt":"2021-08-30T19:26:49","guid":{"rendered":"https:\/\/cuconstituyente.com\/?p=689"},"modified":"2021-08-30T14:26:50","modified_gmt":"2021-08-30T19:26:50","slug":"comunicado-2021-06","status":"publish","type":"post","link":"https:\/\/cuconstituyente.com\/index.php\/2021\/08\/30\/comunicado-2021-06\/","title":{"rendered":"Comunicado 2021-06"},"content":{"rendered":"\n<h4 class=\"wp-block-heading\">A la Ciudadan\u00eda Nacional<\/h4>\n\n\n\n<p class=\"has-text-align-justify\">La actual crisis, profunda e integral, golpea a toda la poblaci\u00f3n, aunque su impacto es mayor en los sectores m\u00e1s vulnerables, donde se concentra el mayor n\u00famero de familias, con peores ingresos, acceso limitado a servicios b\u00e1sicos e imposibilidad para resolver la comida del d\u00eda; ello as\u00ed, como resultado de una gesti\u00f3n de gobierno caracterizada por corrupci\u00f3n, impunidad, incompetencia y ausencia de voluntad pol\u00edtica para dejar el saqueo, el despilfarro y hacer los correctivos indispensables para evitar una cat\u00e1strofe social.<\/p>\n\n\n\n<p class=\"has-text-align-justify\">Nosotros, Ciudadanos Unidos por la Constituyente, organizaci\u00f3n no partidaria, conscientes de la urgente e inaplazable necesidad de concertar un nuevo pacto social, a trav\u00e9s de la participaci\u00f3n ciudadana, hacemos un llamado a toda la poblaci\u00f3n, para organizarnos a nivel de las comunidades e intercambiar ideas orientadas a la conformaci\u00f3n de un frente com\u00fan de acciones pac\u00edficas, que nos permita frenar el carruaje desbocado que nos lleva, aceleradamente, al abismo; de modo tal que podamos consensuar el reordenamiento de \u00a0la estructura institucional del Estado, y \u00a0disponerlo al servicio de los verdaderos intereses y necesidades de la mayor\u00eda.<\/p>\n\n\n\n<p class=\"has-text-align-justify\">Solo debatiendo las ideas y someti\u00e9ndolas al escrutinio de la voluntad ciudadana ser\u00e1 factible conferirle la legitimidad que requiere un nuevo pacto social; que es precisamente nuestro objetivo, una Asamblea Nacional Constituyente, con plenos poderes.<\/p>\n\n\n\n<p class=\"has-text-align-justify\">Es justo en este contexto, que reiteramos el llamado a toda la poblaci\u00f3n, a participar del proceso constituyente, que deber\u00e1 conducirnos al refer\u00e9ndum por la Constituyente.<\/p>\n\n\n\n<p class=\"has-text-align-justify\"><strong>Exhortamos<\/strong> de igual manera a los ciudadanos, que de buena voluntad, creyeron en la fraudulenta propuesta de algunos de los responsables de la calamidad social y econ\u00f3mica que atravesamos, <strong><span class=\"has-inline-color has-accent-color\">a integrarse al CUCO<\/span><\/strong>, donde luchamos por refundar la nueva rep\u00fablica, a partir del ordenamiento de la carta fundamental, que es la Constituci\u00f3n.\u00a0<\/p>\n\n\n\n<p>Dado en la Ciudad de Panam\u00e1, a los 30 d\u00edas del mes de agosto del 2021.\u00a0<\/p>\n","protected":false},"excerpt":{"rendered":"<p>A la Ciudadan\u00eda Nacional La actual crisis, profunda e integral, golpea a toda la poblaci\u00f3n, aunque su impacto es mayor en los sectores m\u00e1s vulnerables, donde se concentra el mayor n\u00famero de familias, con peores ingresos, acceso limitado a servicios b\u00e1sicos e imposibilidad para resolver la comida del d\u00eda; ello as\u00ed, como resultado de una [&hellip;]<\/p>\n","protected":false},"author":1,"featured_media":42,"comment_status":"open","ping_status":"open","sticky":false,"template":"","format":"standard","meta":{"_editorskit_title_hidden":false,"_editorskit_reading_time":0,"_editorskit_is_block_options_detached":false,"_editorskit_block_options_position":"{}","jetpack_post_was_ever_published":false,"_jetpack_newsletter_access":"","_jetpack_dont_email_post_to_subs":false,"_jetpack_newsletter_tier_id":0,"_jetpack_memberships_contains_paywalled_content":false,"_jetpack_memberships_contains_paid_content":false,"footnotes":"","jetpack_publicize_message":"","jetpack_publicize_feature_enabled":true,"jetpack_social_post_already_shared":true,"jetpack_social_options":{"image_generator_settings":{"template":"highway","default_image_id":0,"font":"","enabled":false},"version":2}},"categories":[1],"tags":[],"class_list":["post-689","post","type-post","status-publish","format-standard","has-post-thumbnail","hentry","category-noticias"],"jetpack_publicize_connections":[],"jetpack_featured_media_url":"https:\/\/i0.wp.com\/cuconstituyente.com\/wp-content\/uploads\/2020\/12\/cucoLogo.jpg?fit=1120%2C372&ssl=1","jetpack_sharing_enabled":true,"jetpack_likes_enabled":true,"_links":{"self":[{"href":"https:\/\/cuconstituyente.com\/index.php\/wp-json\/wp\/v2\/posts\/689","targetHints":{"allow":["GET"]}}],"collection":[{"href":"https:\/\/cuconstituyente.com\/index.php\/wp-json\/wp\/v2\/posts"}],"about":[{"href":"https:\/\/cuconstituyente.com\/index.php\/wp-json\/wp\/v2\/types\/post"}],"author":[{"embeddable":true,"href":"https:\/\/cuconstituyente.com\/index.php\/wp-json\/wp\/v2\/users\/1"}],"replies":[{"embeddable":true,"href":"https:\/\/cuconstituyente.com\/index.php\/wp-json\/wp\/v2\/comments?post=689"}],"version-history":[{"count":1,"href":"https:\/\/cuconstituyente.com\/index.php\/wp-json\/wp\/v2\/posts\/689\/revisions"}],"predecessor-version":[{"id":690,"href":"https:\/\/cuconstituyente.com\/index.php\/wp-json\/wp\/v2\/posts\/689\/revisions\/690"}],"wp:featuredmedia":[{"embeddable":true,"href":"https:\/\/cuconstituyente.com\/index.php\/wp-json\/wp\/v2\/media\/42"}],"wp:attachment":[{"href":"https:\/\/cuconstituyente.com\/index.php\/wp-json\/wp\/v2\/media?parent=689"}],"wp:term":[{"taxonomy":"category","embeddable":true,"href":"https:\/\/cuconstituyente.com\/index.php\/wp-json\/wp\/v2\/categories?post=689"},{"taxonomy":"post_tag","embeddable":true,"href":"https:\/\/cuconstituyente.com\/index.php\/wp-json\/wp\/v2\/tags?post=689"}],"curies":[{"name":"wp","href":"https:\/\/api.w.org\/{rel}","templated":true}]}}