{"id":80,"date":"2021-01-02T20:04:06","date_gmt":"2021-01-03T01:04:06","guid":{"rendered":"https:\/\/cuconstituyente.com\/?p=80"},"modified":"2021-01-13T00:27:12","modified_gmt":"2021-01-13T05:27:12","slug":"comunicado-a-la-ciudadania-nacional","status":"publish","type":"post","link":"https:\/\/cuconstituyente.com\/index.php\/2021\/01\/02\/comunicado-a-la-ciudadania-nacional\/","title":{"rendered":"Comunicado a la Ciudadan\u00eda Nacional"},"content":{"rendered":"\n<p class=\"has-text-align-justify\">La presente crisis, asociada al COVID-19, y su evoluci\u00f3n, son el resultado de un sistema sanitario obsoleto y descuidado, manejado al vaiv\u00e9n de administraciones pol\u00edticas, que sistem\u00e1ticamente le han conferido prioridad a la atenci\u00f3n de enfermos, en detrimento de la promoci\u00f3n de la salud y la prevenci\u00f3n de enfermedades, prevaleciendo la improvisaci\u00f3n y los intereses ajenos a la salud p\u00fablica; factores todos, que en presencia de las <strong>profundas desigualdades sociales y econ\u00f3micas pre-existentes<\/strong>, fueron determinantes para los estragos ocasionados por el virus, habi\u00e9ndonos ubicado entre los pa\u00edses con peor manejo de la crisis sanitaria.<\/p>\n\n\n\n<!--more-->\n\n\n\n<p class=\"has-text-align-justify\">En medio de este escenario de sufrimiento, dolor y angustia colectiva, las autoridades, cuyo deber fundamental es proteger la poblaci\u00f3n, en vez de admitir el fracaso y hacer correctivos sustanciales, persisten en cambios formales, y lo peor, denotando una incapacidad rayana en la indolencia y hasta en delictiva, por inobservancia del deber cuidado; adem\u00e1s, el <strong>ministerio p\u00fablico no ha aclarado uno solo de los manejos irregulares<\/strong>, como la construcci\u00f3n del hospital modular, las compras del gel alcoholado y de los ventiladores; am\u00e9n de la injustificable culminaci\u00f3n de las obras de la Ciudad de la Salud; todo lo cual asegura la impunidad y acrecienta la percepci\u00f3n de que solo la corrupci\u00f3n goza de buena salud; y no sorprender\u00eda que en la compra de los equipos de refrigeraci\u00f3n y de las vacunas, existan irregularidades.<\/p>\n\n\n\n<p class=\"has-text-align-justify\"><strong>Mientras no cambiemos la estrategia sanitaria, no saldremos de la crisis<\/strong>, sustituir al ministro no resuelve, lo que hay reemplazar es la estrategia, la direcci\u00f3n tiene que ser t\u00e9cnica y \u00fanica y a cargo de un especialista en salud p\u00fablica; el resto del equipo debe incluir epidemi\u00f3logos, soci\u00f3logos con experiencia en salud p\u00fablica, Infect\u00f3logos, especialistas en Bioestad\u00edstica, en Planificaci\u00f3n de la salud, salubristas con formaci\u00f3n y experiencia en vigilancia e inteligencia epidemiol\u00f3gica, especialistas en Derecho, con experiencia en el ramo y educadores para la salud. Adem\u00e1s, debe contar con comunicadores sociales. Solo deben publicarse boletines informativos, peri\u00f3dicos; los informes diarios, sin la orientaci\u00f3n t\u00e9cnica debida, sirven para aumentar el temor y el desasosiego. Y muy importante, mientras no se involucre a las comunidades, concientiz\u00e1ndolas y organiz\u00e1ndolas en torno a la estrategia de contenci\u00f3n, seguimiento y control, seguiremos a la deriva.<\/p>\n\n\n\n<p class=\"has-text-align-justify\">Frente a esta dura y cruda realidad, con una administraci\u00f3n carente de rumbo, que ha perdido totalmente la credibilidad, sostenida a base de endeudamiento, es un imperativo \u00e9tico e hist\u00f3rico, hacer un alto, para hacer los correctivos de fondo que demanda la actual coyuntura. <strong>La crisis es constitucional<\/strong> por lo que exige una respuesta coherente, y el \u00fanico m\u00e9todo serio, pac\u00edfico, incluyente y \u00fanico capaz de conferirle legitimidad al poder p\u00fablico, <strong>es la Constituyente<\/strong>, por lo cual, el primer paso es <strong>convocar a la ciudadan\u00eda nacional a un refer\u00e9ndum<\/strong>, para aprobar o improbar esta v\u00eda, que los <strong>Ciudadanos Unidos por la Constituyente, <strong>responsable<\/strong> y <strong>consciente<\/strong>mente promovemos<\/strong>.<\/p>\n\n\n\n<p>Dado en la Ciudad de Panam\u00e1, a los 2 d\u00edas del mes de enero de 2021.<\/p>\n\n\n\n<p>Comunicado en Formato <a href=\"https:\/\/cuconstituyente.com\/wp-content\/uploads\/2021\/01\/202101ComunicadoCUCO.jpg\" target=\"_blank\" rel=\"noreferrer noopener\">imagen<\/a>, <a href=\"https:\/\/cuconstituyente.com\/wp-content\/uploads\/2021\/01\/202101ComunicadoCUCO.pdf\" target=\"_blank\" rel=\"noreferrer noopener\">pdf<\/a>.<\/p>\n","protected":false},"excerpt":{"rendered":"<p>La presente crisis, asociada al COVID-19, y su evoluci\u00f3n, son el resultado de un sistema sanitario obsoleto y descuidado, manejado al vaiv\u00e9n de administraciones pol\u00edticas, que sistem\u00e1ticamente le han conferido prioridad a la atenci\u00f3n de enfermos, en detrimento de la promoci\u00f3n de la salud y la prevenci\u00f3n de enfermedades, prevaleciendo la improvisaci\u00f3n y los intereses [&hellip;]<\/p>\n","protected":false},"author":1,"featured_media":82,"comment_status":"open","ping_status":"open","sticky":false,"template":"","format":"standard","meta":{"_editorskit_title_hidden":false,"_editorskit_reading_time":0,"_editorskit_is_block_options_detached":false,"_editorskit_block_options_position":"{}","jetpack_post_was_ever_published":false,"_jetpack_newsletter_access":"","_jetpack_dont_email_post_to_subs":false,"_jetpack_newsletter_tier_id":0,"_jetpack_memberships_contains_paywalled_content":false,"_jetpack_memberships_contains_paid_content":false,"footnotes":"","jetpack_publicize_message":"","jetpack_publicize_feature_enabled":true,"jetpack_social_post_already_shared":true,"jetpack_social_options":{"image_generator_settings":{"template":"highway","default_image_id":0,"font":"","enabled":false},"version":2}},"categories":[5],"tags":[],"class_list":["post-80","post","type-post","status-publish","format-standard","has-post-thumbnail","hentry","category-constituyente"],"jetpack_publicize_connections":[],"jetpack_featured_media_url":"https:\/\/i0.wp.com\/cuconstituyente.com\/wp-content\/uploads\/2021\/01\/cucoComunicado.jpg?fit=314%2C176&ssl=1","jetpack_sharing_enabled":true,"jetpack_likes_enabled":true,"_links":{"self":[{"href":"https:\/\/cuconstituyente.com\/index.php\/wp-json\/wp\/v2\/posts\/80","targetHints":{"allow":["GET"]}}],"collection":[{"href":"https:\/\/cuconstituyente.com\/index.php\/wp-json\/wp\/v2\/posts"}],"about":[{"href":"https:\/\/cuconstituyente.com\/index.php\/wp-json\/wp\/v2\/types\/post"}],"author":[{"embeddable":true,"href":"https:\/\/cuconstituyente.com\/index.php\/wp-json\/wp\/v2\/users\/1"}],"replies":[{"embeddable":true,"href":"https:\/\/cuconstituyente.com\/index.php\/wp-json\/wp\/v2\/comments?post=80"}],"version-history":[{"count":2,"href":"https:\/\/cuconstituyente.com\/index.php\/wp-json\/wp\/v2\/posts\/80\/revisions"}],"predecessor-version":[{"id":117,"href":"https:\/\/cuconstituyente.com\/index.php\/wp-json\/wp\/v2\/posts\/80\/revisions\/117"}],"wp:featuredmedia":[{"embeddable":true,"href":"https:\/\/cuconstituyente.com\/index.php\/wp-json\/wp\/v2\/media\/82"}],"wp:attachment":[{"href":"https:\/\/cuconstituyente.com\/index.php\/wp-json\/wp\/v2\/media?parent=80"}],"wp:term":[{"taxonomy":"category","embeddable":true,"href":"https:\/\/cuconstituyente.com\/index.php\/wp-json\/wp\/v2\/categories?post=80"},{"taxonomy":"post_tag","embeddable":true,"href":"https:\/\/cuconstituyente.com\/index.php\/wp-json\/wp\/v2\/tags?post=80"}],"curies":[{"name":"wp","href":"https:\/\/api.w.org\/{rel}","templated":true}]}}