{"id":939,"date":"2022-02-21T07:34:19","date_gmt":"2022-02-21T12:34:19","guid":{"rendered":"https:\/\/cuconstituyente.com\/?p=939"},"modified":"2022-02-21T07:34:20","modified_gmt":"2022-02-21T12:34:20","slug":"los-velocistas","status":"publish","type":"post","link":"https:\/\/cuconstituyente.com\/index.php\/2022\/02\/21\/los-velocistas\/","title":{"rendered":"Los velocistas"},"content":{"rendered":"\n<h4 class=\"has-text-align-center wp-block-heading\" id=\"el-rechazo-de-parte-de-la-partidocracia-vieja-y-nueva-a-la-necesidad-de-un-proceso-hacia-una-constituyente\">El rechazo de parte de la partidocracia, vieja y nueva, a la necesidad de un proceso hacia una Constituyente<\/h4>\n\n\n\n<p class=\"has-text-align-justify\">El rechazo de parte de la partidocracia, vieja y nueva, a la necesidad de un proceso hacia una Constituyente, sumado al descarnado oportunismo de los gatopardistas defensores de la paralela, adhieren ahora los \u2018inventarios\u2019 de cosas por hacer, pero, eso s\u00ed, dentro del mismo sistema antidemocr\u00e1tico y anti-institucional contenido en la constituci\u00f3n militarista impuesta. O sea, aquellos que quieren hacer una torta sin quebrar los huevos.<\/p>\n\n\n\n<!--more-->\n\n\n\n<p class=\"has-text-align-justify\"><strong>Han aparecido y reaparecido<\/strong>, en este \u00faltimo lustro, <strong>ciudadanos<\/strong> que al participar, en una u otra forma u organizaci\u00f3n partidaria en pol\u00edtica, pretenden <strong>desarrollar un comportamiento de velocistas<\/strong>, <strong>olvidando<\/strong> ol\u00edmpicamente que la pol\u00edtica (particularmente en nuestro medio), es antes que nada, cuando de <strong>participaci\u00f3n ciudadana activa, transparente y dedicada se trata<\/strong>, una carrera de fondo.<\/p>\n\n\n\n<p class=\"has-text-align-justify\">As\u00ed nos encontramos con numerosos j\u00f3venes y menos j\u00f3venes que, en su desesperaci\u00f3n por \u2018ascender\u2019, han dejado o m\u00e1s bien abandonado principios, valores, ideales y objetivos, alocados y encantados por montarse en el carro gubernamental d\u00f3nde las sirenas de la corrupci\u00f3n, el soborno, la rebusca, la figuraci\u00f3n, entonan sus cantos para rodearlos con sus tent\u00e1culos de lo antidemocr\u00e1tico, lo antipatri\u00f3tico y, convertirlos en instrumentos d\u00f3ciles del servilismo y la bajocridad. Adem\u00e1s de padrinos de la irresponsabilidad y la incapacidad.<\/p>\n\n\n\n<p class=\"has-text-align-justify\"><strong><em>Se hace necesario entonces, establecer las diferencias que existen, tambi\u00e9n en el terreno pol\u00edtico, entre el velocista y el corredor de fondo<\/em><\/strong>.<\/p>\n\n\n\n<p class=\"has-text-align-justify\">El corredor de fondo vive con el riesgo, casi permanente, de solitario, el velocista siempre corre acompa\u00f1ado.<\/p>\n\n\n\n<p class=\"has-text-align-justify\"><strong>El corredor de fondo necesita ser tenaz, terco, insistente, acompa\u00f1ado a rato por otros participantes, siempre y cuando logre imponerle su ritmo a la carrera<\/strong>, pero, solo finalmente cuando las metas son m\u00e1s distantes. Al velocista, le basta un esfuerzo y ya, corre mientras mira despectivamente a quienes pretenden disputarle la Gloria inmediata.<\/p>\n\n\n\n<p class=\"has-text-align-justify\">El corredor de fondo conoce el comportamiento de los que abandonan, de los espectadores sentados al borde del camino, as\u00ed como de aquellos que vio pasar veloces y despreciativos. <strong>El velocista, imbuido en la competencia, deslumbrado y alterado por la rapidez y la bulla, no piensa, en tanto que el corredor de fondo tiene necesariamente que hacerlo<\/strong>.<\/p>\n\n\n\n<p class=\"has-text-align-justify\">Pensar, para los velocistas, es siempre un inconveniente dado que: \u2018nada hay m\u00e1s propicio para la tranquilidad del alma que carecer en absoluto de opiniones\u2019, les basta el entusiasmo.<\/p>\n\n\n\n<p>Autor: <strong><em>Miguel Antonio Bernal V.<\/em><\/strong><br>Catedr\u00e1tico \u2013 Universidad de Panam\u00e1<\/p>\n","protected":false},"excerpt":{"rendered":"<p>El rechazo de parte de la partidocracia, vieja y nueva, a la necesidad de un proceso hacia una Constituyente El rechazo de parte de la partidocracia, vieja y nueva, a la necesidad de un proceso hacia una Constituyente, sumado al descarnado oportunismo de los gatopardistas defensores de la paralela, adhieren ahora los \u2018inventarios\u2019 de cosas [&hellip;]<\/p>\n","protected":false},"author":1,"featured_media":161,"comment_status":"open","ping_status":"open","sticky":false,"template":"","format":"standard","meta":{"_editorskit_title_hidden":false,"_editorskit_reading_time":0,"_editorskit_is_block_options_detached":false,"_editorskit_block_options_position":"{}","jetpack_post_was_ever_published":false,"_jetpack_newsletter_access":"","_jetpack_dont_email_post_to_subs":false,"_jetpack_newsletter_tier_id":0,"_jetpack_memberships_contains_paywalled_content":false,"_jetpack_memberships_contains_paid_content":false,"footnotes":"","jetpack_publicize_message":"","jetpack_publicize_feature_enabled":true,"jetpack_social_post_already_shared":true,"jetpack_social_options":{"image_generator_settings":{"template":"highway","default_image_id":0,"font":"","enabled":false},"version":2}},"categories":[5,8],"tags":[],"class_list":["post-939","post","type-post","status-publish","format-standard","has-post-thumbnail","hentry","category-constituyente","category-opinion"],"jetpack_publicize_connections":[],"jetpack_featured_media_url":"https:\/\/i0.wp.com\/cuconstituyente.com\/wp-content\/uploads\/2021\/01\/drMiguelBernal.jpg?fit=750%2C480&ssl=1","jetpack_sharing_enabled":true,"jetpack_likes_enabled":true,"_links":{"self":[{"href":"https:\/\/cuconstituyente.com\/index.php\/wp-json\/wp\/v2\/posts\/939","targetHints":{"allow":["GET"]}}],"collection":[{"href":"https:\/\/cuconstituyente.com\/index.php\/wp-json\/wp\/v2\/posts"}],"about":[{"href":"https:\/\/cuconstituyente.com\/index.php\/wp-json\/wp\/v2\/types\/post"}],"author":[{"embeddable":true,"href":"https:\/\/cuconstituyente.com\/index.php\/wp-json\/wp\/v2\/users\/1"}],"replies":[{"embeddable":true,"href":"https:\/\/cuconstituyente.com\/index.php\/wp-json\/wp\/v2\/comments?post=939"}],"version-history":[{"count":2,"href":"https:\/\/cuconstituyente.com\/index.php\/wp-json\/wp\/v2\/posts\/939\/revisions"}],"predecessor-version":[{"id":941,"href":"https:\/\/cuconstituyente.com\/index.php\/wp-json\/wp\/v2\/posts\/939\/revisions\/941"}],"wp:featuredmedia":[{"embeddable":true,"href":"https:\/\/cuconstituyente.com\/index.php\/wp-json\/wp\/v2\/media\/161"}],"wp:attachment":[{"href":"https:\/\/cuconstituyente.com\/index.php\/wp-json\/wp\/v2\/media?parent=939"}],"wp:term":[{"taxonomy":"category","embeddable":true,"href":"https:\/\/cuconstituyente.com\/index.php\/wp-json\/wp\/v2\/categories?post=939"},{"taxonomy":"post_tag","embeddable":true,"href":"https:\/\/cuconstituyente.com\/index.php\/wp-json\/wp\/v2\/tags?post=939"}],"curies":[{"name":"wp","href":"https:\/\/api.w.org\/{rel}","templated":true}]}}