{"id":953,"date":"2022-03-02T11:17:15","date_gmt":"2022-03-02T16:17:15","guid":{"rendered":"https:\/\/cuconstituyente.com\/?p=953"},"modified":"2022-03-02T11:17:16","modified_gmt":"2022-03-02T16:17:16","slug":"quien-mato-a-remon","status":"publish","type":"post","link":"https:\/\/cuconstituyente.com\/index.php\/2022\/03\/02\/quien-mato-a-remon\/","title":{"rendered":"\u00bfQui\u00e9n mat\u00f3 a Rem\u00f3n?"},"content":{"rendered":"\n<p class=\"has-text-align-justify\">El Instituto de Estudios Pol\u00edticos e Internacionales (IEPI), organizaci\u00f3n no gubernamental, sin fines de lucros ha puesto a disposici\u00f3n del p\u00fablico lector de nuestro pa\u00eds, la obra del compatriota C\u00e9sar D\u00edaz Brandao: \u00bfQui\u00e9n mat\u00f3 a Rem\u00f3n?<\/p>\n\n\n\n<!--more-->\n\n\n\n<p class=\"has-text-align-justify\">La figura de Jos\u00e9 Antonio Rem\u00f3n Cantera, ocup\u00f3 el escenario nacional, antes&nbsp; y durante su breve mandato presidencial (1952-1955). Su magnicidio, el 2 de enero de 1955, estremeci\u00f3 los cimientos de la entonces cincuentenaria Rep\u00fablica de Panam\u00e1.<\/p>\n\n\n\n<figure class=\"wp-block-image size-full is-style-default\"><img data-recalc-dims=\"1\" loading=\"lazy\" decoding=\"async\" width=\"504\" height=\"798\" data-attachment-id=\"955\" data-permalink=\"https:\/\/cuconstituyente.com\/index.php\/2022\/03\/02\/quien-mato-a-remon\/quienmatoremon\/\" data-orig-file=\"https:\/\/i0.wp.com\/cuconstituyente.com\/wp-content\/uploads\/2022\/03\/quienMatoRemon.png?fit=504%2C798&amp;ssl=1\" data-orig-size=\"504,798\" data-comments-opened=\"1\" data-image-meta=\"{&quot;aperture&quot;:&quot;0&quot;,&quot;credit&quot;:&quot;&quot;,&quot;camera&quot;:&quot;&quot;,&quot;caption&quot;:&quot;&quot;,&quot;created_timestamp&quot;:&quot;0&quot;,&quot;copyright&quot;:&quot;&quot;,&quot;focal_length&quot;:&quot;0&quot;,&quot;iso&quot;:&quot;0&quot;,&quot;shutter_speed&quot;:&quot;0&quot;,&quot;title&quot;:&quot;&quot;,&quot;orientation&quot;:&quot;0&quot;}\" data-image-title=\"quienMatoRemon\" data-image-description=\"\" data-image-caption=\"\" data-medium-file=\"https:\/\/i0.wp.com\/cuconstituyente.com\/wp-content\/uploads\/2022\/03\/quienMatoRemon.png?fit=189%2C300&amp;ssl=1\" data-large-file=\"https:\/\/i0.wp.com\/cuconstituyente.com\/wp-content\/uploads\/2022\/03\/quienMatoRemon.png?fit=504%2C798&amp;ssl=1\" src=\"https:\/\/i0.wp.com\/cuconstituyente.com\/wp-content\/uploads\/2022\/03\/quienMatoRemon.png?resize=504%2C798&#038;ssl=1\" alt=\"\" class=\"wp-image-955\" srcset=\"https:\/\/i0.wp.com\/cuconstituyente.com\/wp-content\/uploads\/2022\/03\/quienMatoRemon.png?w=504&amp;ssl=1 504w, https:\/\/i0.wp.com\/cuconstituyente.com\/wp-content\/uploads\/2022\/03\/quienMatoRemon.png?resize=189%2C300&amp;ssl=1 189w\" sizes=\"auto, (max-width: 504px) 100vw, 504px\" \/><\/figure>\n\n\n\n<p class=\"has-text-align-justify\">Pero, m\u00e1s que su muerte, ha sido la permanente interrogante: \u00bfQui\u00e9n mat\u00f3 a Rem\u00f3n?, la que -por m\u00e1s de seis d\u00e9cadas- ha estado presente y sin respuesta fundada en hechos concretos, lo que ha dado pie a un sin n\u00famero de especulaciones, hip\u00f3tesis, suposiciones, chismes, bochinches, rumores.<\/p>\n\n\n\n<p class=\"has-text-align-justify\">Por ello es que un hecho hist\u00f3rico de tanta relevancia, como el asesinato de un Presidente, en un pa\u00eds m\u00e1s tranquilo que violento, resulte de gran importancia investigarlo, entenderlo, analizarlo y dilucidarlo para que se logren conocer todos los hechos sucedidos y los m\u00f3viles que los motivaron.<\/p>\n\n\n\n<p class=\"has-text-align-justify\">El enigma del asesinato de Rem\u00f3n ha permanecido como una tarea pendiente, que muchos prefirieron no abordar. Y, he aqu\u00ed, uno de los grandes valores de la obra que nos brinda el autor <a href=\"https:\/\/twitter.com\/cesargdiaz\" target=\"_blank\" rel=\"noreferrer noopener\">C\u00e9sar D\u00edaz Brandao<\/a>, compatriota titular de un Diploma Universitario de Estudios Literarios y una Licenciatura en Sociolog\u00eda y Etnolog\u00eda, de la Universidad de Bordeaux, Francia.<\/p>\n\n\n\n<p class=\"has-text-align-justify\">El lector encontrar\u00e1 en las p\u00e1ginas de esta obra, el resultado de incontables horas de investigaci\u00f3n, an\u00e1lisis y cavilaciones del autor.&nbsp; Fuentes voluminosas, la mayor\u00eda hasta ahora no conocidas, pero que el rigor de la metodolog\u00eda del autor, logra ofrecernos un caudal de testimonios de un insuceso poco investigado.<\/p>\n\n\n\n<p class=\"has-text-align-justify\">El gran valor del libro es el rigor cient\u00edfico de la investigaci\u00f3n. Al igual que al pelar una cebolla, el investigador va quitando capa a capa, todos esos argumentos abiertos y va desarmando, analizando y descartando, especialmente los especulativos e inventados por pol\u00edticos, abogados, autores intelectuales y materiales, periodistas, p\u00e9ritos, miembros de la Guardia Nacional, que buscaban y buscan a\u00fan, esconder hechos y, apuntar as\u00ed, su dedo acusador hacia otros actores, a fin de salvar su pellejo o esconder sus torcidas intenciones.<\/p>\n\n\n\n<p>Una lectura obligatoria para conocer m\u00e1s y mejor una p\u00e1gina trascendental de nuestra historia republicana.<\/p>\n\n\n\n<p>Autor: <strong><em>Miguel Antonio Bernal V.<\/em><\/strong><br>Catedr\u00e1tico \u2013 Universidad de Panam\u00e1<\/p>\n","protected":false},"excerpt":{"rendered":"<p>El Instituto de Estudios Pol\u00edticos e Internacionales (IEPI), organizaci\u00f3n no gubernamental, sin fines de lucros ha puesto a disposici\u00f3n del p\u00fablico lector de nuestro pa\u00eds, la obra del compatriota C\u00e9sar D\u00edaz Brandao: \u00bfQui\u00e9n mat\u00f3 a Rem\u00f3n?<\/p>\n","protected":false},"author":1,"featured_media":161,"comment_status":"open","ping_status":"open","sticky":false,"template":"","format":"standard","meta":{"_editorskit_title_hidden":false,"_editorskit_reading_time":0,"_editorskit_is_block_options_detached":false,"_editorskit_block_options_position":"{}","jetpack_post_was_ever_published":false,"_jetpack_newsletter_access":"","_jetpack_dont_email_post_to_subs":false,"_jetpack_newsletter_tier_id":0,"_jetpack_memberships_contains_paywalled_content":false,"_jetpack_memberships_contains_paid_content":false,"footnotes":"","jetpack_publicize_message":"","jetpack_publicize_feature_enabled":true,"jetpack_social_post_already_shared":true,"jetpack_social_options":{"image_generator_settings":{"template":"highway","default_image_id":0,"font":"","enabled":false},"version":2}},"categories":[1],"tags":[],"class_list":["post-953","post","type-post","status-publish","format-standard","has-post-thumbnail","hentry","category-noticias"],"jetpack_publicize_connections":[],"jetpack_featured_media_url":"https:\/\/i0.wp.com\/cuconstituyente.com\/wp-content\/uploads\/2021\/01\/drMiguelBernal.jpg?fit=750%2C480&ssl=1","jetpack_sharing_enabled":true,"jetpack_likes_enabled":true,"_links":{"self":[{"href":"https:\/\/cuconstituyente.com\/index.php\/wp-json\/wp\/v2\/posts\/953","targetHints":{"allow":["GET"]}}],"collection":[{"href":"https:\/\/cuconstituyente.com\/index.php\/wp-json\/wp\/v2\/posts"}],"about":[{"href":"https:\/\/cuconstituyente.com\/index.php\/wp-json\/wp\/v2\/types\/post"}],"author":[{"embeddable":true,"href":"https:\/\/cuconstituyente.com\/index.php\/wp-json\/wp\/v2\/users\/1"}],"replies":[{"embeddable":true,"href":"https:\/\/cuconstituyente.com\/index.php\/wp-json\/wp\/v2\/comments?post=953"}],"version-history":[{"count":1,"href":"https:\/\/cuconstituyente.com\/index.php\/wp-json\/wp\/v2\/posts\/953\/revisions"}],"predecessor-version":[{"id":956,"href":"https:\/\/cuconstituyente.com\/index.php\/wp-json\/wp\/v2\/posts\/953\/revisions\/956"}],"wp:featuredmedia":[{"embeddable":true,"href":"https:\/\/cuconstituyente.com\/index.php\/wp-json\/wp\/v2\/media\/161"}],"wp:attachment":[{"href":"https:\/\/cuconstituyente.com\/index.php\/wp-json\/wp\/v2\/media?parent=953"}],"wp:term":[{"taxonomy":"category","embeddable":true,"href":"https:\/\/cuconstituyente.com\/index.php\/wp-json\/wp\/v2\/categories?post=953"},{"taxonomy":"post_tag","embeddable":true,"href":"https:\/\/cuconstituyente.com\/index.php\/wp-json\/wp\/v2\/tags?post=953"}],"curies":[{"name":"wp","href":"https:\/\/api.w.org\/{rel}","templated":true}]}}