{"id":991,"date":"2022-03-15T07:22:58","date_gmt":"2022-03-15T12:22:58","guid":{"rendered":"https:\/\/cuconstituyente.com\/?p=991"},"modified":"2022-03-15T07:23:00","modified_gmt":"2022-03-15T12:23:00","slug":"procuraduria-de-la-administracion-inicia-investigacion-en-la-unachi","status":"publish","type":"post","link":"https:\/\/cuconstituyente.com\/index.php\/2022\/03\/15\/procuraduria-de-la-administracion-inicia-investigacion-en-la-unachi\/","title":{"rendered":"Procuradur\u00eda de la Administraci\u00f3n inicia investigaci\u00f3n en la UNACHI"},"content":{"rendered":"\n<h4 class=\"has-text-align-center wp-block-heading\">El contralor de la Rep\u00fablica permanece en silencio, mientras algunos funcionarios cobran simult\u00e1neamente salario en la UNACHI y en otros cargos gubernamentales.<\/h4>\n\n\n\n<figure class=\"wp-block-image\"><a href=\"https:\/\/i0.wp.com\/corprensa-la-prensa-prod.cdn.arcpublishing.com\/resizer\/M7WjwvzflDG1lU9YqQx9cHiwuPo%3D\/fit-in\/1000x1000\/smart\/cloudfront-us-east-1.images.arcpublishing.com\/corprensa\/AIRPCPPEMNC45IIQTEUCUSLSUA.jpg?ssl=1\"><img data-recalc-dims=\"1\" decoding=\"async\" src=\"https:\/\/i0.wp.com\/corprensa-la-prensa-prod.cdn.arcpublishing.com\/resizer\/M7WjwvzflDG1lU9YqQx9cHiwuPo%3D\/fit-in\/1000x1000\/smart\/cloudfront-us-east-1.images.arcpublishing.com\/corprensa\/AIRPCPPEMNC45IIQTEUCUSLSUA.jpg?w=580&#038;ssl=1\" alt=\"Procuradur\u00eda de la Administraci\u00f3n inicia investigaci\u00f3n en la Unachi\"\/><\/a><\/figure>\n\n\n\n<!--more-->\n\n\n\n<p class=\"has-text-align-justify\">Mientras la rectora de la\u00a0<a rel=\"noreferrer noopener\" href=\"https:\/\/www.prensa.com\/tema\/universidad-aut-noma-de-chiriqu\/\" target=\"_blank\">Universidad Aut\u00f3noma de Chiriqu\u00ed (UNACHI),<\/a>\u00a0Etelvina Medianero de Bonagas, espera que sea sancionado el proyecto de Ley 756 \u2013que le permitir\u00eda postularse por tercera vez consecutiva para el cargo que ocupa\u2013 la Procuradur\u00eda de la Administraci\u00f3n ha decidido iniciar una investigaci\u00f3n en esa casa de estudios, tras recibir una denuncia por el doble salario que reciben varios de sus docentes.<\/p>\n\n\n\n<h3 class=\"wp-block-heading\">+info<\/h3>\n\n\n\n<p><a href=\"https:\/\/www.prensa.com\/impresa\/panorama\/unachi-la-rectora-se-prepara-para-reelegirse\/?utm_source=prensacom&amp;utm_medium=Articulo&amp;utm_campaign=%2B+Info\">Unachi: La rectora se prepara para reelegirse<\/a><br><a href=\"https:\/\/www.prensa.com\/impresa\/panorama\/unachi-subalternos-de-rectora-muestran-su-apoyo\/?utm_source=prensacom&amp;utm_medium=Articulo&amp;utm_campaign=%2B+Info\">Unachi: subalternos de rectora muestran su apoyo<\/a><br><a href=\"https:\/\/www.prensa.com\/impresa\/panorama\/unachi-irregularidades-que-superan-la-imaginacion\/?utm_source=prensacom&amp;utm_medium=Articulo&amp;utm_campaign=%2B+Info\">Unachi, irregularidades que superan la imaginaci\u00f3n<\/a><br><a href=\"https:\/\/www.prensa.com\/impresa\/panorama\/unachi-licitaciones-a-la-medida-de-empresarios-vinculados-a-los-bonagas\/?utm_source=prensacom&amp;utm_medium=Articulo&amp;utm_campaign=%2B+Info\">Unachi: licitaciones a la medida de empresarios vinculados a los Bonagas<\/a><\/p>\n\n\n\n<p class=\"has-text-align-justify\">El pasado 23 de febrero, mediante la resoluci\u00f3n No. PA\/DS-086-2022, la Procuradur\u00eda de la Administraci\u00f3n resolvi\u00f3 acoger una denuncia administrativa que present\u00f3 el profesor Cristian Nieto Guerra, quien, en representaci\u00f3n del <strong>Frente en Defensa de los Derechos Universitarios (FEDDU)<\/strong>, solicit\u00f3 a la Procuradur\u00eda \u201cque investigue el posible cobro de doble salario de docentes de la Universidad Aut\u00f3noma de Chiriqu\u00ed, que ocupan los cargos de gobernador de Chiriqu\u00ed y director general de Descentralizaci\u00f3n, como tambi\u00e9n posibles casos de nepotismo [sic ], y que solicite a la Contralor\u00eda que act\u00fae y ejerza sus funciones\u201d.<\/p>\n\n\n\n<p class=\"has-text-align-justify\">Nieto Guerra, en su denuncia, se\u00f1ala que tambi\u00e9n ha notado el descontento estudiantil, ya que <strong><mark style=\"background-color:rgba(0, 0, 0, 0);color:#ea0404\" class=\"has-inline-color\">el contralor, Gerardo Sol\u00eds, no ha iniciado ning\u00fan tipo de auditor\u00eda<\/mark><\/strong> referente a situaciones expuestas por los medios de comunicaci\u00f3n social, \u201clo que causa perjuicio al patrimonio estatal, ya que son grandes sumas de dinero las que se indican en los medios de comunicaci\u00f3n, que estos funcionarios est\u00e1n cobrado\u201d.<\/p>\n\n\n\n<p class=\"has-text-align-justify\">La Procuradur\u00eda de la Administraci\u00f3n, en respuesta, sostiene que \u201c[&#8230;] de los hechos descritos por el denunciante, se advierte que se puede estar frente al posible incumpli<strong><mark style=\"background-color:rgba(0, 0, 0, 0);color:#ea0606\" class=\"has-inline-color\">miento del ordenamiento administrativo institucional<\/mark><\/strong>, especialmente contenido en los art\u00edculos 50 y 51 (numerales 1 y 6) de la <a rel=\"noreferrer noopener\" href=\"http:\/\/www.unachi.ac.pa\/assets\/descargas\/planificacion\/leyno_4_de_16_enero_2006.pdf\" target=\"_blank\">Ley N\u00b04 de 16 de enero del 2006<\/a> que reorganiza la Universidad Aut\u00f3noma de Chiriqu\u00ed, creada por la Ley 26 de 1994, los art\u00edculos 232 y siguientes del <a href=\"http:\/\/www.unachi.ac.pa\/assets\/descargas\/catalogo\/estatutouniversitario.pdf\" target=\"_blank\" rel=\"noreferrer noopener\">Estatuto Universitario de la UNACHI<\/a>, as\u00ed como la posible infracci\u00f3n de las normas que rigen las actuaciones administrativas de las entidades p\u00fablicas contenidas en la <a href=\"https:\/\/www.procuraduria-admon.gob.pa\/wp-content\/uploads\/2015\/03\/Ley38_mod.pdf\" target=\"_blank\" rel=\"noreferrer noopener\">Ley N\u00b038 de 31 de julio de 2000<\/a>, \u2018que aprueba el Estatuto Org\u00e1nico de la Procuradur\u00eda de la Administraci\u00f3n, regula el Procedimiento Administrativo General y dicta otras Disposiciones Especiales\u2019 concordante al C\u00f3digo de la \u00c9tica de los Servidores P\u00fablicos referente a la probidad, justicia, responsabilidad e igualdad\u201d.<\/p>\n\n\n\n<p class=\"has-text-align-justify\">En consecuencia, la <strong>Procuradur\u00eda de la Administraci\u00f3n inici\u00f3 una investigaci\u00f3n de dos meses<\/strong>, tal y como lo inform\u00f3 el procurador,\u00a0<a rel=\"noreferrer noopener\" href=\"https:\/\/www.prensa.com\/tema\/rigoberto-gonz-lez\/\" target=\"_blank\">Rigoberto Gonz\u00e1lez<\/a>, en carta enviada al denunciante.<\/p>\n\n\n\n<p>Hasta ahora, <strong><mark style=\"background-color:rgba(0, 0, 0, 0);color:#e70303\" class=\"has-inline-color\">la Contralor\u00eda permanece en silencio<\/mark><\/strong>, tras insistentes llamadas y mensajes de La Prensa.<\/p>\n\n\n\n<p><strong>Antecedentes<\/strong><\/p>\n\n\n\n<p>La Prensa ha investigado y publicado casos de nepotismo dentro de la universidad: numerosos familiares de altos cargos de la UNACHI est\u00e1n nombrados en dicho centro de estudios.<\/p>\n\n\n\n<p class=\"has-text-align-justify\"><strong>Un caso que ha llamado la atenci\u00f3n<\/strong>, adem\u00e1s de la gran cantidad de docentes que tambi\u00e9n aparecen en la planilla del Ministerio de Educaci\u00f3n, es <strong><mark style=\"background-color:rgba(0, 0, 0, 0);color:#e50101\" class=\"has-inline-color\">el del gobernador de Chiriqu\u00ed, Juan Carlos Mu\u00f1oz<\/mark><\/strong>.<\/p>\n\n\n\n<p class=\"has-text-align-justify\">Mu\u00f1oz fue elegido decano de la Facultad de Derecho de la UNACHI en abril de 2019, pero el presidente, Laurentino Cortizo, tras su ascenso al poder en julio de 2019, lo nombr\u00f3 gobernador. En consecuencia, Mu\u00f1oz nunca se desempe\u00f1\u00f3 como decano de la mencionada facultad, aunque sigui\u00f3 cobrando $4,748 como profesor regular titular de tiempo completo, al mismo tiempo que se desempe\u00f1a como gobernador \u2013un trabajo de tiempo completo tambi\u00e9n\u2013 con ingresos de $4,000 mensuales.<\/p>\n\n\n\n<p>A su vez, <strong>el pol\u00edtico Francisco Vigil<\/strong> percibe, simult\u00e1neamente, un salario mensual de $4,000 como <strong><mark style=\"background-color:rgba(0, 0, 0, 0);color:#e10404\" class=\"has-inline-color\">director de la Autoridad Nacional de Descentralizaci\u00f3n<\/mark><\/strong>, y de 4,748 como profesor regular titular de tiempo completo en la UNACHI.<\/p>\n\n\n\n<p class=\"has-text-align-justify\"><strong><mark style=\"background-color:rgba(0, 0, 0, 0);color:#e40303\" class=\"has-inline-color\">Vigil dijo que imparte clases s\u00e1bados y domingos<\/mark><\/strong> (d\u00edas en los que los candidatos a maestr\u00edas y doctorados reciben clases). Sin embargo, el estatuto de la UNACHI, en su art\u00edculo 232, numerales 2 y 3, se\u00f1ala que \u201c<strong>los profesores e investigadores de tiempo completo dedicar\u00e1n cuarenta (40) horas semanales a las labores universitarias, distribuidas en cinco (5) d\u00edas de lunes a s\u00e1bado, preferiblemente en doble jornada<\/strong>\u201d.<\/p>\n\n\n\n<p class=\"has-text-align-justify\">Y Vigil asegura tener tiempo en su agenda para dedicarle todas esas horas a sus tareas como docente.<\/p>\n\n\n\n<p><strong>Manifestaciones<\/strong><\/p>\n\n\n\n<p class=\"has-text-align-justify\">Ayer continuaron las manifestaciones en David, Chiriqu\u00ed. Estudiantes de la UNACHI, que se oponen a la sanci\u00f3n del proyecto de Ley 756, tambi\u00e9n rechazan el inicio de clases virtuales en ese centro de estudios.<\/p>\n\n\n\n<p class=\"has-text-align-justify\">Seg\u00fan informes a los que tuvo acceso La Prensa antes de las publicaciones, <strong>las clases universitarias volver\u00edan de manera presencial y semipresencial, pero, repentinamente, la <mark style=\"background-color:rgba(0, 0, 0, 0);color:#db0303\" class=\"has-inline-color\">Vicerrector\u00eda Acad\u00e9mica resolvi\u00f3 mantener las clases virtuales<\/mark><\/strong>.<\/p>\n\n\n\n<p class=\"has-text-align-justify\">Unidades antimotines presenciaron los enfrentamientos entre los estudiantes que protestaban y los administrativos que se manifestaban en contra y a favor \u2013respectivamente\u2013 de la rectora Etelvina Medianero de Bonagas.<\/p>\n\n\n\n<p class=\"has-text-align-justify\">Tras estos hechos, la <a href=\"https:\/\/www.facebook.com\/apunachi\/posts\/1283154372184699\" target=\"_blank\" rel=\"noreferrer noopener\">Asociaci\u00f3n de Profesores de la UNACHI (APUNACHI) envi\u00f3 un comunicado<\/a>, donde solicita a la rectora Medianero de Bonagas y dem\u00e1s autoridades, para que se dicten clases presenciales a partir del 21 de marzo de 2022. El comunicado califica de \u201cirresposables\u201d los argumentos de la administraci\u00f3n para mantener las clases virtuales en la UNACHI.<\/p>\n\n\n\n<p>Fuente: <a rel=\"noreferrer noopener\" href=\"https:\/\/www.prensa.com\/impresa\/panorama\/unachi-subalternos-de-rectora-muestran-su-apoyo\/\" target=\"_blank\">La Prensa<\/a><br>Periodista: <a href=\"https:\/\/www.prensa.com\/autor\/Leonardo%2520Grinspan\" target=\"_blank\" rel=\"noreferrer noopener\">Leonardo Grinspan<\/a><\/p>\n","protected":false},"excerpt":{"rendered":"<p>El contralor de la Rep\u00fablica permanece en silencio, mientras algunos funcionarios cobran simult\u00e1neamente salario en la UNACHI y en otros cargos gubernamentales.<\/p>\n","protected":false},"author":1,"featured_media":975,"comment_status":"open","ping_status":"open","sticky":false,"template":"","format":"standard","meta":{"_editorskit_title_hidden":false,"_editorskit_reading_time":0,"_editorskit_is_block_options_detached":false,"_editorskit_block_options_position":"{}","jetpack_post_was_ever_published":false,"_jetpack_newsletter_access":"","_jetpack_dont_email_post_to_subs":false,"_jetpack_newsletter_tier_id":0,"_jetpack_memberships_contains_paywalled_content":false,"_jetpack_memberships_contains_paid_content":false,"footnotes":"","jetpack_publicize_message":"","jetpack_publicize_feature_enabled":true,"jetpack_social_post_already_shared":true,"jetpack_social_options":{"image_generator_settings":{"template":"highway","default_image_id":0,"font":"","enabled":false},"version":2}},"categories":[1],"tags":[16],"class_list":["post-991","post","type-post","status-publish","format-standard","has-post-thumbnail","hentry","category-noticias","tag-universidad-autonoma-de-chiriqui"],"jetpack_publicize_connections":[],"jetpack_featured_media_url":"https:\/\/i0.wp.com\/cuconstituyente.com\/wp-content\/uploads\/2022\/03\/apoyoRectoraUNACHI.jpg?fit=1000%2C449&ssl=1","jetpack_sharing_enabled":true,"jetpack_likes_enabled":true,"_links":{"self":[{"href":"https:\/\/cuconstituyente.com\/index.php\/wp-json\/wp\/v2\/posts\/991","targetHints":{"allow":["GET"]}}],"collection":[{"href":"https:\/\/cuconstituyente.com\/index.php\/wp-json\/wp\/v2\/posts"}],"about":[{"href":"https:\/\/cuconstituyente.com\/index.php\/wp-json\/wp\/v2\/types\/post"}],"author":[{"embeddable":true,"href":"https:\/\/cuconstituyente.com\/index.php\/wp-json\/wp\/v2\/users\/1"}],"replies":[{"embeddable":true,"href":"https:\/\/cuconstituyente.com\/index.php\/wp-json\/wp\/v2\/comments?post=991"}],"version-history":[{"count":2,"href":"https:\/\/cuconstituyente.com\/index.php\/wp-json\/wp\/v2\/posts\/991\/revisions"}],"predecessor-version":[{"id":993,"href":"https:\/\/cuconstituyente.com\/index.php\/wp-json\/wp\/v2\/posts\/991\/revisions\/993"}],"wp:featuredmedia":[{"embeddable":true,"href":"https:\/\/cuconstituyente.com\/index.php\/wp-json\/wp\/v2\/media\/975"}],"wp:attachment":[{"href":"https:\/\/cuconstituyente.com\/index.php\/wp-json\/wp\/v2\/media?parent=991"}],"wp:term":[{"taxonomy":"category","embeddable":true,"href":"https:\/\/cuconstituyente.com\/index.php\/wp-json\/wp\/v2\/categories?post=991"},{"taxonomy":"post_tag","embeddable":true,"href":"https:\/\/cuconstituyente.com\/index.php\/wp-json\/wp\/v2\/tags?post=991"}],"curies":[{"name":"wp","href":"https:\/\/api.w.org\/{rel}","templated":true}]}}